{"id":120500,"date":"2023-09-11T13:38:54","date_gmt":"2023-09-11T18:38:54","guid":{"rendered":"https:\/\/nvnoticias.mx\/?p=120500"},"modified":"2023-09-11T13:38:55","modified_gmt":"2023-09-11T18:38:55","slug":"dos-personas-quedan-atrapadas-en-elevador-de-hospital-del-imss-de-veracruz","status":"publish","type":"post","link":"https:\/\/nvnoticias.mx\/index.php\/2023\/09\/11\/dos-personas-quedan-atrapadas-en-elevador-de-hospital-del-imss-de-veracruz\/","title":{"rendered":"Dos personas quedan atrapadas en elevador de hospital del IMSS de Veracruz"},"content":{"rendered":"\n<p><strong>\u00c1ngel Hern\u00e1ndez \/ NV Noticias <\/strong><\/p>\n\n\n\n<p>Esta ma\u00f1ana se report\u00f3 a dos personas atrapadas en uno de los elevadores de la Unidad de Medicina Familiar (UMF) 57 del Instituto Mexicano del Seguro Social (IMSS), ubicado sobre la avenida Cuauht\u00e9moc del Puerto de Veracruz.<\/p>\n\n\n\n<p>Sin conocer las causas, uno de los elevadores se ator\u00f3 por m\u00e1s de dos horas, mismas que las dos personas permanecieron atrapadas. <\/p>\n\n\n\n<p>Personal t\u00e9cnico del hospital realiz\u00f3 las maniobras correspondientes para liberar a las personas atrapadas, apoyados por Bomberos Municipales y Protecci\u00f3n Civil.<\/p>\n\n\n\n<p>Una vez liberados, las dos personas afectadas recibieron atenci\u00f3n m\u00e9dica, las cuales arrojaron que no presentaban alguna lesi\u00f3n que ameritaba hospitalizaci\u00f3n.<\/p>\n\n\n\n<p>Autoridades del IMSS informaron que ya se esta reparando el elevador para evitar otra situaci\u00f3n similar con los derechohabientes y\/o personal que acude al nosocomio. <\/p>\n","protected":false},"excerpt":{"rendered":"<p>\u00c1ngel Hern\u00e1ndez \/ NV Noticias Esta ma\u00f1ana se report\u00f3 a dos personas atrapadas en uno de los elevadores de la Unidad de Medicina Familiar (UMF) 57 del Instituto Mexicano del Seguro Social (IMSS), ubicado sobre la avenida Cuauht\u00e9moc del Puerto de Veracruz. Sin conocer las causas, uno de los elevadores se ator\u00f3 por m\u00e1s de [&hellip;]<\/p>\n","protected":false},"author":8,"featured_media":120501,"comment_status":"open","ping_status":"open","sticky":false,"template":"","format":"standard","meta":{"_monsterinsights_skip_tracking":false,"_monsterinsights_sitenote_active":false,"_monsterinsights_sitenote_note":"","_monsterinsights_sitenote_category":0,"footnotes":""},"categories":[154],"tags":[24680,895,365,162],"class_list":["post-120500","post","type-post","status-publish","format-standard","has-post-thumbnail","hentry","category-veracruz","tag-elevador","tag-hospital","tag-imss","tag-portada","wp-image-borders"],"amp_enabled":true,"_links":{"self":[{"href":"https:\/\/nvnoticias.mx\/index.php\/wp-json\/wp\/v2\/posts\/120500","targetHints":{"allow":["GET"]}}],"collection":[{"href":"https:\/\/nvnoticias.mx\/index.php\/wp-json\/wp\/v2\/posts"}],"about":[{"href":"https:\/\/nvnoticias.mx\/index.php\/wp-json\/wp\/v2\/types\/post"}],"author":[{"embeddable":true,"href":"https:\/\/nvnoticias.mx\/index.php\/wp-json\/wp\/v2\/users\/8"}],"replies":[{"embeddable":true,"href":"https:\/\/nvnoticias.mx\/index.php\/wp-json\/wp\/v2\/comments?post=120500"}],"version-history":[{"count":1,"href":"https:\/\/nvnoticias.mx\/index.php\/wp-json\/wp\/v2\/posts\/120500\/revisions"}],"predecessor-version":[{"id":120502,"href":"https:\/\/nvnoticias.mx\/index.php\/wp-json\/wp\/v2\/posts\/120500\/revisions\/120502"}],"wp:featuredmedia":[{"embeddable":true,"href":"https:\/\/nvnoticias.mx\/index.php\/wp-json\/wp\/v2\/media\/120501"}],"wp:attachment":[{"href":"https:\/\/nvnoticias.mx\/index.php\/wp-json\/wp\/v2\/media?parent=120500"}],"wp:term":[{"taxonomy":"category","embeddable":true,"href":"https:\/\/nvnoticias.mx\/index.php\/wp-json\/wp\/v2\/categories?post=120500"},{"taxonomy":"post_tag","embeddable":true,"href":"https:\/\/nvnoticias.mx\/index.php\/wp-json\/wp\/v2\/tags?post=120500"}],"curies":[{"name":"wp","href":"https:\/\/api.w.org\/{rel}","templated":true}]}}