{"id":12039,"date":"2021-04-28T15:33:50","date_gmt":"2021-04-28T20:33:50","guid":{"rendered":"https:\/\/nvnoticias.mx\/?p=12039"},"modified":"2021-04-29T10:54:38","modified_gmt":"2021-04-29T15:54:38","slug":"habitantes-de-geo-villas-del-puerto-se-manifestaron-para-que-solucionen-el-incendio-de-tembladeras","status":"publish","type":"post","link":"https:\/\/nvnoticias.mx\/index.php\/2021\/04\/28\/habitantes-de-geo-villas-del-puerto-se-manifestaron-para-que-solucionen-el-incendio-de-tembladeras\/","title":{"rendered":"Habitantes de Geo Villas del Puerto se manifestaron para pedir que solucionen el incendio en los humedales de Tembladeras"},"content":{"rendered":"\n<p><strong>Jes\u00fas Utrilla \/ NV Noticias<\/strong> <\/p>\n\n\n\n<p>Vecinos de Geo Villa del Puerto exigieron soluci\u00f3n a los incendios que se registran en la zona Tembladeras.<\/p>\n\n\n\n<p>De acuerdo a los residentes se debe a las quemas de pastizales que se realizan durante las noches-madrugada en la zona de tembladeras, generando grandes columnas de humo que llegan hasta ese y otros complejos habitacionales como la Serd\u00e1n y Laguna Real.&nbsp;<\/p>\n\n\n\n<p>Jes\u00fas Garc\u00e9s Guevara acus\u00f3 que desde hace diez d\u00edas, durante las madrugadas, prenden fuego en el lugar generando malestares a los vecinos.<\/p>\n\n\n\n<blockquote class=\"wp-block-quote is-layout-flow wp-block-quote-is-layout-flow\"><p><em>\u201cTenemos varios d\u00edas respirando el humo t\u00f3xico todas las noches. A la 1 de la ma\u00f1ana llega todo el humo de lo que est\u00e1n quemando en Tembladeras. Nos ha provocado a todos problemas. Los vecinos tomaron fotos y videos de que es un incendio a las 3 de la ma\u00f1ana que provoca humo contaminante que llega a las casas y afecta nuestra salud\u201d.<\/em><\/p><\/blockquote>\n\n\n\n<p>Solicitaron a la autoridad investigar los hechos pero hicieron caso omiso y argumentaron que los hechos no causan problema alguno.<\/p>\n\n\n\n<p>Los colonos advirtieron que llevar\u00e1n a cabo medidas de presi\u00f3n para que les resuelvan el problema.<\/p>\n","protected":false},"excerpt":{"rendered":"<p>Jes\u00fas Utrilla \/ NV Noticias Vecinos de Geo Villa del Puerto exigieron soluci\u00f3n a los incendios que se registran en la zona Tembladeras. De acuerdo a los residentes se debe a las quemas de pastizales que se realizan durante las noches-madrugada en la zona de tembladeras, generando grandes columnas de humo que llegan hasta ese [&hellip;]<\/p>\n","protected":false},"author":6,"featured_media":11979,"comment_status":"open","ping_status":"open","sticky":false,"template":"","format":"standard","meta":{"_monsterinsights_skip_tracking":false,"_monsterinsights_sitenote_active":false,"_monsterinsights_sitenote_note":"","_monsterinsights_sitenote_category":0,"footnotes":""},"categories":[154],"tags":[3298,503,3285],"class_list":["post-12039","post","type-post","status-publish","format-standard","has-post-thumbnail","hentry","category-veracruz","tag-geo-villas-del-puerto","tag-manifestacion","tag-tembladeras","wp-image-borders"],"amp_enabled":true,"_links":{"self":[{"href":"https:\/\/nvnoticias.mx\/index.php\/wp-json\/wp\/v2\/posts\/12039","targetHints":{"allow":["GET"]}}],"collection":[{"href":"https:\/\/nvnoticias.mx\/index.php\/wp-json\/wp\/v2\/posts"}],"about":[{"href":"https:\/\/nvnoticias.mx\/index.php\/wp-json\/wp\/v2\/types\/post"}],"author":[{"embeddable":true,"href":"https:\/\/nvnoticias.mx\/index.php\/wp-json\/wp\/v2\/users\/6"}],"replies":[{"embeddable":true,"href":"https:\/\/nvnoticias.mx\/index.php\/wp-json\/wp\/v2\/comments?post=12039"}],"version-history":[{"count":3,"href":"https:\/\/nvnoticias.mx\/index.php\/wp-json\/wp\/v2\/posts\/12039\/revisions"}],"predecessor-version":[{"id":12075,"href":"https:\/\/nvnoticias.mx\/index.php\/wp-json\/wp\/v2\/posts\/12039\/revisions\/12075"}],"wp:featuredmedia":[{"embeddable":true,"href":"https:\/\/nvnoticias.mx\/index.php\/wp-json\/wp\/v2\/media\/11979"}],"wp:attachment":[{"href":"https:\/\/nvnoticias.mx\/index.php\/wp-json\/wp\/v2\/media?parent=12039"}],"wp:term":[{"taxonomy":"category","embeddable":true,"href":"https:\/\/nvnoticias.mx\/index.php\/wp-json\/wp\/v2\/categories?post=12039"},{"taxonomy":"post_tag","embeddable":true,"href":"https:\/\/nvnoticias.mx\/index.php\/wp-json\/wp\/v2\/tags?post=12039"}],"curies":[{"name":"wp","href":"https:\/\/api.w.org\/{rel}","templated":true}]}}