{"id":120367,"date":"2023-09-10T12:10:58","date_gmt":"2023-09-10T17:10:58","guid":{"rendered":"https:\/\/nvnoticias.mx\/?p=120367"},"modified":"2023-09-10T12:11:36","modified_gmt":"2023-09-10T17:11:36","slug":"se-reune-amlo-con-el-primer-ministro-de-portugal","status":"publish","type":"post","link":"https:\/\/nvnoticias.mx\/index.php\/2023\/09\/10\/se-reune-amlo-con-el-primer-ministro-de-portugal\/","title":{"rendered":"Se re\u00fane AMLO  con el primer ministro de Portugal"},"content":{"rendered":"\n<p>Como primer evento en su agenda en Chile, el presidente Andr\u00e9s Manuel L\u00f3pez Obrador se reuni\u00f3 esta ma\u00f1ana con el primer ministro de Portugal, Ant\u00f3nio Lu\u00eds Santos da Costa.<\/p>\n\n\n\n<p>El encuentro entre ambos mandatarios fue privado.<\/p>\n\n\n\n<figure class=\"wp-block-embed is-type-rich is-provider-twitter wp-block-embed-twitter\"><div class=\"wp-block-embed__wrapper\">\n<blockquote class=\"twitter-tweet\" data-width=\"550\" data-dnt=\"true\"><p lang=\"pt\" dir=\"ltr\">Reuni\u00e3o muito positiva com o Presidente do M\u00e9xico. Em Santiago, \u00e0 margem da cerim\u00f3nia dos 50 anos do golpe de Estado que me trouxe ao Chile, tive um importante encontro com <a href=\"https:\/\/twitter.com\/lopezobrador_?ref_src=twsrc%5Etfw\">@lopezobrador_<\/a>  sobre oportunidades de refor\u00e7ar o relacionamento entre os nossos dois pa\u00edses. <a href=\"https:\/\/t.co\/I1r9L9FbNG\">pic.twitter.com\/I1r9L9FbNG<\/a><\/p>&mdash; Ant\u00f3nio Costa (@antoniocostapm) <a href=\"https:\/\/twitter.com\/antoniocostapm\/status\/1700914741265195155?ref_src=twsrc%5Etfw\">September 10, 2023<\/a><\/blockquote><script async src=\"https:\/\/platform.twitter.com\/widgets.js\" charset=\"utf-8\"><\/script>\n<\/div><\/figure>\n\n\n\n<p>En la comitiva del presidente L\u00f3pez Obrador estuvo presente la secretaria de Relaciones Exteriores (SRE) Alicia B\u00e1rcena; el general Luis Cresencio Sandoval, secretario de la Defensa Nacional (Sedena), entre otros.<\/p>\n\n\n\n<p>Posteriormente a esta reuni\u00f3n, a las 14:30 horas (hora local) el presidente L\u00f3pez Obrador se reunir\u00e1 con el presidente chileno Gabriel Boric en el Palacio de La Moneda, quienes posteriormente ofrecer\u00e1n un mensaje a medios.<\/p>\n\n\n\n<p>Fuente: <a href=\"https:\/\/www.eluniversal.com.mx\/nacion\/en-chile-amlo-se-reune-con-el-primer-ministro-de-portugal\/\">El Universal<\/a><\/p>\n","protected":false},"excerpt":{"rendered":"<p>Como primer evento en su agenda en Chile, el presidente Andr\u00e9s Manuel L\u00f3pez Obrador se reuni\u00f3 esta ma\u00f1ana con el primer ministro de Portugal, Ant\u00f3nio Lu\u00eds Santos da Costa. El encuentro entre ambos mandatarios fue privado. En la comitiva del presidente L\u00f3pez Obrador estuvo presente la secretaria de Relaciones Exteriores (SRE) Alicia B\u00e1rcena; el general [&hellip;]<\/p>\n","protected":false},"author":6,"featured_media":120369,"comment_status":"open","ping_status":"open","sticky":false,"template":"","format":"standard","meta":{"_monsterinsights_skip_tracking":false,"_monsterinsights_sitenote_active":false,"_monsterinsights_sitenote_note":"","_monsterinsights_sitenote_category":0,"footnotes":""},"categories":[158],"tags":[188,162,4450],"class_list":["post-120367","post","type-post","status-publish","format-standard","has-post-thumbnail","hentry","category-politica","tag-amlo","tag-portada","tag-portugal","wp-image-borders"],"amp_enabled":true,"_links":{"self":[{"href":"https:\/\/nvnoticias.mx\/index.php\/wp-json\/wp\/v2\/posts\/120367","targetHints":{"allow":["GET"]}}],"collection":[{"href":"https:\/\/nvnoticias.mx\/index.php\/wp-json\/wp\/v2\/posts"}],"about":[{"href":"https:\/\/nvnoticias.mx\/index.php\/wp-json\/wp\/v2\/types\/post"}],"author":[{"embeddable":true,"href":"https:\/\/nvnoticias.mx\/index.php\/wp-json\/wp\/v2\/users\/6"}],"replies":[{"embeddable":true,"href":"https:\/\/nvnoticias.mx\/index.php\/wp-json\/wp\/v2\/comments?post=120367"}],"version-history":[{"count":1,"href":"https:\/\/nvnoticias.mx\/index.php\/wp-json\/wp\/v2\/posts\/120367\/revisions"}],"predecessor-version":[{"id":120368,"href":"https:\/\/nvnoticias.mx\/index.php\/wp-json\/wp\/v2\/posts\/120367\/revisions\/120368"}],"wp:featuredmedia":[{"embeddable":true,"href":"https:\/\/nvnoticias.mx\/index.php\/wp-json\/wp\/v2\/media\/120369"}],"wp:attachment":[{"href":"https:\/\/nvnoticias.mx\/index.php\/wp-json\/wp\/v2\/media?parent=120367"}],"wp:term":[{"taxonomy":"category","embeddable":true,"href":"https:\/\/nvnoticias.mx\/index.php\/wp-json\/wp\/v2\/categories?post=120367"},{"taxonomy":"post_tag","embeddable":true,"href":"https:\/\/nvnoticias.mx\/index.php\/wp-json\/wp\/v2\/tags?post=120367"}],"curies":[{"name":"wp","href":"https:\/\/api.w.org\/{rel}","templated":true}]}}