{"id":120132,"date":"2023-09-08T11:14:33","date_gmt":"2023-09-08T16:14:33","guid":{"rendered":"https:\/\/nvnoticias.mx\/?p=120132"},"modified":"2023-09-08T11:14:34","modified_gmt":"2023-09-08T16:14:34","slug":"denuncia-unicef-niveles-de-violencia-sin-precedentes-contra-ninos-del-congo","status":"publish","type":"post","link":"https:\/\/nvnoticias.mx\/index.php\/2023\/09\/08\/denuncia-unicef-niveles-de-violencia-sin-precedentes-contra-ninos-del-congo\/","title":{"rendered":"Denuncia UNICEF niveles de violencia &#8220;sin precedentes&#8221; contra ni\u00f1os del Congo"},"content":{"rendered":"\n<p>\u00a0El recrudecimiento de la\u00a0<strong>violencia\u00a0<\/strong>contra los ni\u00f1os en el este de la\u00a0<strong>Rep\u00fablica Democr\u00e1tica del\u00a0Congo<\/strong>\u00a0(RDC) ha alcanzado unos niveles &#8220;sin precedentes&#8221;, con m\u00e1s de 2.8 millones de menores\u00a0<strong>afectados por el conflicto<\/strong>, alert\u00f3 hoy el Fondo de las Naciones Unidas para la Infancia (<strong>UNICEF<\/strong>).<\/p>\n\n\n\n<p>El pa\u00eds centroafricano registra el mayor n\u00famero del mundo de violaciones graves de derechos humanos contra ni\u00f1os en conflictos armados, se\u00f1al\u00f3 en rueda de prensa en Ginebra el representante de&nbsp;<strong>UNICEF&nbsp;<\/strong>en la RDC, Grant Leaity.<\/p>\n\n\n\n<blockquote class=\"wp-block-quote is-layout-flow wp-block-quote-is-layout-flow\"><p>&#8220;Hay violaciones y asesinatos de ni\u00f1os a diario, adem\u00e1s de secuestros, reclutamientos y uso de menores por grupos armados, y sabemos que los informes que tenemos son solo la punta del iceberg&#8221;, declar\u00f3.<\/p><\/blockquote>\n\n\n\n<h2 class=\"wp-block-heading\">M\u00e1s casos de violencia sexual y de g\u00e9nero<\/h2>\n\n\n\n<p>En el primer trimestre de este a\u00f1o, solo en la provincia de Kivu Norte, epicentro del conflicto en la RDC, se denunciaron m\u00e1s de 38 mil casos de violencia sexual y de g\u00e9nero, lo que supone un aumento del 37 % en comparaci\u00f3n con el mismo periodo de 2022.<\/p>\n\n\n\n<p>El representante de UNICEF destac\u00f3 que los menores tambi\u00e9n se enfrentan a otras amenazas como los brotes de c\u00f3lera y sarampi\u00f3n, ambos en aumento, o a la hambruna, con alrededor de 1.2 millones de ni\u00f1os menores de cinco a\u00f1os en riesgo de padecer malnutrici\u00f3n aguda.<\/p>\n\n\n\n<p>Adem\u00e1s, Leaity tambi\u00e9n mostr\u00f3 su preocupaci\u00f3n por la &#8220;reciente y depravada&#8221; tendencia de usar artefactos explosivos por parte de los grupos armados, especialmente por parte del grupo rebelde Fuerzas Democr\u00e1ticas Aliadas, presente tanto en RDC como en la vecina Uganda y que habr\u00eda establecido v\u00ednculos con el Estado Isl\u00e1mico.<\/p>\n\n\n\n<blockquote class=\"wp-block-quote is-layout-flow wp-block-quote-is-layout-flow\"><p>&#8220;Hay pocos lugares peores, si los hay, para ser un ni\u00f1o [&#8230;] y mientras el mundo mira hacia otro lado, nosotros estamos fallando a los ni\u00f1os de la RDC&#8221;, denunci\u00f3 Leaity.<\/p><\/blockquote>\n\n\n\n<p>Ante esta situaci\u00f3n, pidi\u00f3 al gobierno local, a las naciones africanas y a la comunidad internacional &#8220;voluntad pol\u00edtica&#8221; para &#8220;encontrar una soluci\u00f3n pac\u00edfica y poner fin a este conflicto&#8221;, as\u00ed como una mayor financiaci\u00f3n adicional que permita cubrir las necesidades dom\u00e9sticas y cotidianas de la poblaci\u00f3n.<\/p>\n\n\n\n<p>Fuente: <a href=\"https:\/\/www.eluniversal.com.mx\/cartera\/unicef-denuncia-niveles-de-violencia-sin-precedentes-contra-ninos-del-congo\/\" data-type=\"URL\" data-id=\"https:\/\/www.eluniversal.com.mx\/cartera\/unicef-denuncia-niveles-de-violencia-sin-precedentes-contra-ninos-del-congo\/\">El Universal<\/a> <\/p>\n","protected":false},"excerpt":{"rendered":"<p>\u00a0El recrudecimiento de la\u00a0violencia\u00a0contra los ni\u00f1os en el este de la\u00a0Rep\u00fablica Democr\u00e1tica del\u00a0Congo\u00a0(RDC) ha alcanzado unos niveles &#8220;sin precedentes&#8221;, con m\u00e1s de 2.8 millones de menores\u00a0afectados por el conflicto, alert\u00f3 hoy el Fondo de las Naciones Unidas para la Infancia (UNICEF). El pa\u00eds centroafricano registra el mayor n\u00famero del mundo de violaciones graves de derechos [&hellip;]<\/p>\n","protected":false},"author":35,"featured_media":21900,"comment_status":"open","ping_status":"open","sticky":false,"template":"","format":"standard","meta":{"_monsterinsights_skip_tracking":false,"_monsterinsights_sitenote_active":false,"_monsterinsights_sitenote_note":"","_monsterinsights_sitenote_category":0,"footnotes":""},"categories":[181],"tags":[27143,5459,206,1016,12419,3484,203],"class_list":["post-120132","post","type-post","status-publish","format-standard","has-post-thumbnail","hentry","category-internacional","tag-sin-precedentes","tag-contra","tag-denuncia","tag-ninos","tag-niveles","tag-unicef","tag-violencia","wp-image-borders"],"amp_enabled":true,"_links":{"self":[{"href":"https:\/\/nvnoticias.mx\/index.php\/wp-json\/wp\/v2\/posts\/120132","targetHints":{"allow":["GET"]}}],"collection":[{"href":"https:\/\/nvnoticias.mx\/index.php\/wp-json\/wp\/v2\/posts"}],"about":[{"href":"https:\/\/nvnoticias.mx\/index.php\/wp-json\/wp\/v2\/types\/post"}],"author":[{"embeddable":true,"href":"https:\/\/nvnoticias.mx\/index.php\/wp-json\/wp\/v2\/users\/35"}],"replies":[{"embeddable":true,"href":"https:\/\/nvnoticias.mx\/index.php\/wp-json\/wp\/v2\/comments?post=120132"}],"version-history":[{"count":3,"href":"https:\/\/nvnoticias.mx\/index.php\/wp-json\/wp\/v2\/posts\/120132\/revisions"}],"predecessor-version":[{"id":120137,"href":"https:\/\/nvnoticias.mx\/index.php\/wp-json\/wp\/v2\/posts\/120132\/revisions\/120137"}],"wp:featuredmedia":[{"embeddable":true,"href":"https:\/\/nvnoticias.mx\/index.php\/wp-json\/wp\/v2\/media\/21900"}],"wp:attachment":[{"href":"https:\/\/nvnoticias.mx\/index.php\/wp-json\/wp\/v2\/media?parent=120132"}],"wp:term":[{"taxonomy":"category","embeddable":true,"href":"https:\/\/nvnoticias.mx\/index.php\/wp-json\/wp\/v2\/categories?post=120132"},{"taxonomy":"post_tag","embeddable":true,"href":"https:\/\/nvnoticias.mx\/index.php\/wp-json\/wp\/v2\/tags?post=120132"}],"curies":[{"name":"wp","href":"https:\/\/api.w.org\/{rel}","templated":true}]}}