{"id":120103,"date":"2023-09-08T09:09:16","date_gmt":"2023-09-08T14:09:16","guid":{"rendered":"https:\/\/nvnoticias.mx\/?p=120103"},"modified":"2023-09-08T09:09:17","modified_gmt":"2023-09-08T14:09:17","slug":"instala-colectivo-solecito-el-bosque-de-la-esperanza","status":"publish","type":"post","link":"https:\/\/nvnoticias.mx\/index.php\/2023\/09\/08\/instala-colectivo-solecito-el-bosque-de-la-esperanza\/","title":{"rendered":"Instala Colectivo Solecito el Bosque de la Esperanza"},"content":{"rendered":"\n<p><strong>Jes\u00fas Utrilla | NV Noticias <\/strong><\/p>\n\n\n\n<p>Integrantes del Colectivo Solecito colocaron el Bosque de la Esperanza en el z\u00f3calo de Veracruz.&nbsp;<\/p>\n\n\n\n<p>Selene Ort\u00edz, integrante de la agrupaci\u00f3n, indic\u00f3 que por segunda ocasi\u00f3n los colgaron en los \u00e1rboles para encontrar informaci\u00f3n que permita avanzar en las carpetas de investigaci\u00f3n de sus seres queridos.<\/p>\n\n\n\n<blockquote class=\"wp-block-quote is-layout-flow wp-block-quote-is-layout-flow\"><p>\u201cVarias vienen todos los d\u00edas a ver c\u00f3mo est\u00e1 el \u00e1rbol. Esto es por la memoria de nuestros familiares\u201d.<\/p><\/blockquote>\n\n\n\n<p>Los listones llevan impresos el rostro de las personas desaparecidas, adem\u00e1s cuentan mensajes y c\u00f3digos QR.<\/p>\n\n\n\n<blockquote class=\"wp-block-quote is-layout-flow wp-block-quote-is-layout-flow\"><p>\u201cEste \u00e1rbol cuenta con una placa en donde menciona que es del Colectivo Solecito de Veracruz y tiene un c\u00f3digo QR y si lo escanea te lleva a la p\u00e1gina del Bosque del Esperanza\u201d.<\/p><\/blockquote>\n\n\n\n<p>El Bosque&nbsp;&nbsp;de la Esperanza est\u00e1 conformado por memoriales que instalan familiares de desaparecidos como forma de resistencia ante la ausencia de sus seres querido.<\/p>\n\n\n\n<p>Estos \u00e1rboles fueron instalados en ciudades como Ensenada, Irapuato, Mexicali, P\u00e9njamo, Silao, Tijuana y Veracruz.<\/p>\n\n\n\n<p>El objetivo del Bosque es facilitar la vinculaci\u00f3n de espacios de protesta, solidaridad y memoria que colectivas de b\u00fasqueda, creadas desde el 2015 en m\u00e1s de 30 poblaciones de M\u00e9xico.<\/p>\n\n\n\n<p>Con esto tambi\u00e9n buscan fortalecer procesos de rehumanizaci\u00f3n y empat\u00eda para p\u00fablicos no afectados ni directamente implicados para que inicien y sostengan formas de acompa\u00f1amiento a los colectivos de b\u00fasqueda en sus esfuerzos y exigencias para encontrar a sus familiares desaparecidos.<\/p>\n","protected":false},"excerpt":{"rendered":"<p>Jes\u00fas Utrilla | NV Noticias Integrantes del Colectivo Solecito colocaron el Bosque de la Esperanza en el z\u00f3calo de Veracruz.&nbsp; Selene Ort\u00edz, integrante de la agrupaci\u00f3n, indic\u00f3 que por segunda ocasi\u00f3n los colgaron en los \u00e1rboles para encontrar informaci\u00f3n que permita avanzar en las carpetas de investigaci\u00f3n de sus seres queridos. \u201cVarias vienen todos los [&hellip;]<\/p>\n","protected":false},"author":6,"featured_media":120104,"comment_status":"open","ping_status":"open","sticky":false,"template":"","format":"standard","meta":{"_monsterinsights_skip_tracking":false,"_monsterinsights_sitenote_active":false,"_monsterinsights_sitenote_note":"","_monsterinsights_sitenote_category":0,"footnotes":""},"categories":[154],"tags":[8315,950],"class_list":["post-120103","post","type-post","status-publish","format-standard","has-post-thumbnail","hentry","category-veracruz","tag-colectivo-solecito","tag-desaparecidos","wp-image-borders"],"amp_enabled":true,"_links":{"self":[{"href":"https:\/\/nvnoticias.mx\/index.php\/wp-json\/wp\/v2\/posts\/120103","targetHints":{"allow":["GET"]}}],"collection":[{"href":"https:\/\/nvnoticias.mx\/index.php\/wp-json\/wp\/v2\/posts"}],"about":[{"href":"https:\/\/nvnoticias.mx\/index.php\/wp-json\/wp\/v2\/types\/post"}],"author":[{"embeddable":true,"href":"https:\/\/nvnoticias.mx\/index.php\/wp-json\/wp\/v2\/users\/6"}],"replies":[{"embeddable":true,"href":"https:\/\/nvnoticias.mx\/index.php\/wp-json\/wp\/v2\/comments?post=120103"}],"version-history":[{"count":1,"href":"https:\/\/nvnoticias.mx\/index.php\/wp-json\/wp\/v2\/posts\/120103\/revisions"}],"predecessor-version":[{"id":120105,"href":"https:\/\/nvnoticias.mx\/index.php\/wp-json\/wp\/v2\/posts\/120103\/revisions\/120105"}],"wp:featuredmedia":[{"embeddable":true,"href":"https:\/\/nvnoticias.mx\/index.php\/wp-json\/wp\/v2\/media\/120104"}],"wp:attachment":[{"href":"https:\/\/nvnoticias.mx\/index.php\/wp-json\/wp\/v2\/media?parent=120103"}],"wp:term":[{"taxonomy":"category","embeddable":true,"href":"https:\/\/nvnoticias.mx\/index.php\/wp-json\/wp\/v2\/categories?post=120103"},{"taxonomy":"post_tag","embeddable":true,"href":"https:\/\/nvnoticias.mx\/index.php\/wp-json\/wp\/v2\/tags?post=120103"}],"curies":[{"name":"wp","href":"https:\/\/api.w.org\/{rel}","templated":true}]}}