{"id":1201,"date":"2021-01-15T07:10:00","date_gmt":"2021-01-15T13:10:00","guid":{"rendered":"https:\/\/nvnoticias.mx\/?p=1201"},"modified":"2021-01-15T07:11:11","modified_gmt":"2021-01-15T13:11:11","slug":"exonera-la-fgr-a-cienfuegos","status":"publish","type":"post","link":"https:\/\/nvnoticias.mx\/index.php\/2021\/01\/15\/exonera-la-fgr-a-cienfuegos\/","title":{"rendered":"Exonera la FGR a Salvador Cienfuegos"},"content":{"rendered":"\n<p>La\u00a0Fiscal\u00eda General de la Rep\u00fablica <strong>(FGR)<\/strong>,\u00a0a trav\u00e9s de la Subprocuradur\u00eda Especializada en Investigaci\u00f3n de Delincuencia Organizada (SEIDO), resolvi\u00f3 no ejercer acci\u00f3n penal contra el general <strong>Salvador Cienfuegos Zepeda<\/strong>, quien fuera acusado por cuatro cargos relacionados con narcotr\u00e1fico en Estados Unidos. Con ello, el militar qued\u00f3 exonerado de los cargos en M\u00e9xico.<\/p>\n\n\n\n<p><strong>De ese modo, la FGR determin\u00f3 que el extitular de la Defensa Nacional nunca tuvo encuentro alguno con los integrantes del C\u00e1rtel H-2<\/strong>&nbsp;y no sostuvo comunicaci\u00f3n con ellos. Tampoco realiz\u00f3 acciones para proteger o ayudar a miembros de este grupo delictivo.<\/p>\n\n\n\n<figure class=\"wp-block-embed is-type-rich is-provider-twitter wp-block-embed-twitter\"><div class=\"wp-block-embed__wrapper\">\n<blockquote class=\"twitter-tweet\" data-width=\"550\" data-dnt=\"true\"><p lang=\"es\" dir=\"ltr\">Luego de analizar los elementos probatorios enviados por las autoridades norteamericanas y los aportados por el Gral Salvador Cienfuegos; la <a href=\"https:\/\/twitter.com\/hashtag\/FGR?src=hash&amp;ref_src=twsrc%5Etfw\">#FGR<\/a> concluy\u00f3 que \u00e9l no sostuvo encuentro ni comunicaci\u00f3n con grupo delictivo alguno. Por lo que se determin\u00f3 no ejercer acci\u00f3n penal. <a href=\"https:\/\/t.co\/x3dcPdl2oz\">pic.twitter.com\/x3dcPdl2oz<\/a><\/p>&mdash; FGR M\u00e9xico (@FGRMexico) <a href=\"https:\/\/twitter.com\/FGRMexico\/status\/1349915074316656645?ref_src=twsrc%5Etfw\">January 15, 2021<\/a><\/blockquote><script async src=\"https:\/\/platform.twitter.com\/widgets.js\" charset=\"utf-8\"><\/script>\n<\/div><\/figure>\n\n\n\n<p>Adem\u00e1s, del an\u00e1lisis de su patrimonio y el cumplimiento de sus obligaciones fiscales,\u00a0no aparecieron datos o signos de que hubiera recibido ingresos ilegales o su fortuna creciera de forma anormal, seg\u00fan sus percepciones en el servicio p\u00fablico.<\/p>\n\n\n\n<p>\u201cTampoco se encontr\u00f3 prueba alguna de que hubiera utilizado ning\u00fan equipo o medio electr\u00f3nico, ni que hubiera emitido orden alguna para favorecer al grupo delictivo se\u00f1alado en este caso\u201c, inform\u00f3 en un comunicado la dependencia que encabeza Alejandro Gertz Manero.<\/p>\n\n\n\n<p>Fuente: Infobae\u00a0<\/p>\n","protected":false},"excerpt":{"rendered":"<p>La\u00a0Fiscal\u00eda General de la Rep\u00fablica (FGR),\u00a0a trav\u00e9s de la Subprocuradur\u00eda Especializada en Investigaci\u00f3n de Delincuencia Organizada (SEIDO), resolvi\u00f3 no ejercer acci\u00f3n penal contra el general Salvador Cienfuegos Zepeda, quien fuera acusado por cuatro cargos relacionados con narcotr\u00e1fico en Estados Unidos. Con ello, el militar qued\u00f3 exonerado de los cargos en M\u00e9xico. De ese modo, la [&hellip;]<\/p>\n","protected":false},"author":6,"featured_media":1202,"comment_status":"open","ping_status":"open","sticky":false,"template":"","format":"standard","meta":{"_monsterinsights_skip_tracking":false,"_monsterinsights_sitenote_active":false,"_monsterinsights_sitenote_note":"","_monsterinsights_sitenote_category":0,"footnotes":""},"categories":[157],"tags":[226,162,409],"class_list":["post-1201","post","type-post","status-publish","format-standard","has-post-thumbnail","hentry","category-nacional","tag-fgr","tag-portada","tag-salvador-cienfuegos","wp-image-borders"],"amp_enabled":true,"_links":{"self":[{"href":"https:\/\/nvnoticias.mx\/index.php\/wp-json\/wp\/v2\/posts\/1201","targetHints":{"allow":["GET"]}}],"collection":[{"href":"https:\/\/nvnoticias.mx\/index.php\/wp-json\/wp\/v2\/posts"}],"about":[{"href":"https:\/\/nvnoticias.mx\/index.php\/wp-json\/wp\/v2\/types\/post"}],"author":[{"embeddable":true,"href":"https:\/\/nvnoticias.mx\/index.php\/wp-json\/wp\/v2\/users\/6"}],"replies":[{"embeddable":true,"href":"https:\/\/nvnoticias.mx\/index.php\/wp-json\/wp\/v2\/comments?post=1201"}],"version-history":[{"count":2,"href":"https:\/\/nvnoticias.mx\/index.php\/wp-json\/wp\/v2\/posts\/1201\/revisions"}],"predecessor-version":[{"id":1204,"href":"https:\/\/nvnoticias.mx\/index.php\/wp-json\/wp\/v2\/posts\/1201\/revisions\/1204"}],"wp:featuredmedia":[{"embeddable":true,"href":"https:\/\/nvnoticias.mx\/index.php\/wp-json\/wp\/v2\/media\/1202"}],"wp:attachment":[{"href":"https:\/\/nvnoticias.mx\/index.php\/wp-json\/wp\/v2\/media?parent=1201"}],"wp:term":[{"taxonomy":"category","embeddable":true,"href":"https:\/\/nvnoticias.mx\/index.php\/wp-json\/wp\/v2\/categories?post=1201"},{"taxonomy":"post_tag","embeddable":true,"href":"https:\/\/nvnoticias.mx\/index.php\/wp-json\/wp\/v2\/tags?post=1201"}],"curies":[{"name":"wp","href":"https:\/\/api.w.org\/{rel}","templated":true}]}}