{"id":120088,"date":"2023-09-07T20:57:33","date_gmt":"2023-09-08T01:57:33","guid":{"rendered":"https:\/\/nvnoticias.mx\/?p=120088"},"modified":"2023-09-07T20:57:35","modified_gmt":"2023-09-08T01:57:35","slug":"marko-cortes-pide-a-marcelo-ebrard-sumarse-al-frente-amplio-por-mexico","status":"publish","type":"post","link":"https:\/\/nvnoticias.mx\/index.php\/2023\/09\/07\/marko-cortes-pide-a-marcelo-ebrard-sumarse-al-frente-amplio-por-mexico\/","title":{"rendered":"Marko Cort\u00e9s pide a Marcelo Ebrard sumarse al Frente Amplio por M\u00e9xico"},"content":{"rendered":"\n<p>El presidente nacional del PAN,\u00a0<a rel=\"noreferrer noopener\" href=\"https:\/\/www.eluniversal.com.mx\/tag\/marko-cortes\/\" target=\"_blank\"><strong>Marko Cort\u00e9s<\/strong>,<\/a>\u00a0llam\u00f3 a Marcelo Ebrard a incorporarse al\u00a0<strong>Frente Amplio por M\u00e9xico<\/strong>, si realmente est\u00e1 molesto y no es parte de una estrategia y un circo armado en Palacio Nacional para tratar de debilitar a la oposici\u00f3n. Entrevistado al llegar a la comida anual de los 300 l\u00edderes m\u00e1s influyentes de M\u00e9xico, sostuvo que en el FAM caben todos &#8220;y todos son necesarios&#8221;.<\/p>\n\n\n\n<blockquote class=\"wp-block-quote is-layout-flow wp-block-quote-is-layout-flow\"><p>\u201c<em>Yo lo que dir\u00eda es que, si\u00a0<a rel=\"noreferrer noopener\" href=\"https:\/\/www.eluniversal.com.mx\/elecciones\/sigue-vigente-la-posibilidad-de-competir-en-el-2024-afirma-marcelo-ebrard\/\" target=\"_blank\"><strong>Marcelo Ebrard<\/strong><\/a>\u00a0realmente est\u00e1 molesto con Morena y con el presidente, que muestre grandeza y altura de miras y se sume al Frente Amplio por M\u00e9xico. Ac\u00e1 en el Frente Amplio por M\u00e9xico, siempre y con todos los que quieran construir en beneficio de M\u00e9xico, son y ser\u00e1n bienvenidos, pero Marcelo Ebrard tiene que ser claro y puntual, porque todo parece una completa fars<\/em>a\u201d, expres\u00f3.<\/p><\/blockquote>\n\n\n\n<p>El dirigente panista asegur\u00f3 que el presidente<a rel=\"noreferrer noopener\" href=\"https:\/\/www.eluniversal.com.mx\/elecciones\/una-cientifica-leal-entre-las-leales-al-presidente\/\" target=\"_blank\">\u00a0<strong>Andr\u00e9s Manuel Lopez Obrador<\/strong><\/a>esta realmente preocupado y quiere mandar a Marcelo Ebrard a competir por<strong>\u00a0Movimiento Ciudadano<\/strong>\u00a0para intentar dividir a la oposici\u00f3n.<\/p>\n\n\n\n<blockquote class=\"wp-block-quote is-layout-flow wp-block-quote-is-layout-flow\"><p>\u201c<em>Yo lo que veo es que irse a MC es hacerle el trabajo sucio a Morena, no puede ser de otra manera. (Marcelo) tiene que realmente tomar una decisi\u00f3n. Esta va a ser una elecci\u00f3n de refrendar el modelo destructivo que significa Morena o hacer un cambio de rumbo en el pa\u00eds. Y la contienda va a estar entre<a rel=\"noreferrer noopener\" href=\"https:\/\/www.eluniversal.com.mx\/nacion\/tras-triunfo-de-sheinbaum-en-encuestas-xochitl-tira-netas-y-afirma-mexico-tendra-su-primera-presidenta\/\" target=\"_blank\"><strong>\u00a0X\u00f3chitl G\u00e1lvez<\/strong><\/a>y Claudia y yo no tengo duda de quien quien va a ganar es X\u00f3chitl G\u00e1lvez<\/em>\u201d, sostuvo.<\/p><\/blockquote>\n\n\n\n<p>Fuente: <a href=\"https:\/\/www.eluniversal.com.mx\/elecciones\/marko-cortes-pide-a-marcelo-ebrard-sumarse-al-frente-amplio-por-mexico\/\">El Universal<\/a><\/p>\n","protected":false},"excerpt":{"rendered":"<p>El presidente nacional del PAN,\u00a0Marko Cort\u00e9s,\u00a0llam\u00f3 a Marcelo Ebrard a incorporarse al\u00a0Frente Amplio por M\u00e9xico, si realmente est\u00e1 molesto y no es parte de una estrategia y un circo armado en Palacio Nacional para tratar de debilitar a la oposici\u00f3n. Entrevistado al llegar a la comida anual de los 300 l\u00edderes m\u00e1s influyentes de M\u00e9xico, [&hellip;]<\/p>\n","protected":false},"author":8,"featured_media":71674,"comment_status":"open","ping_status":"open","sticky":false,"template":"","format":"standard","meta":{"_monsterinsights_skip_tracking":false,"_monsterinsights_sitenote_active":false,"_monsterinsights_sitenote_note":"","_monsterinsights_sitenote_category":0,"footnotes":""},"categories":[158],"tags":[26179,391,597,162],"class_list":["post-120088","post","type-post","status-publish","format-standard","has-post-thumbnail","hentry","category-politica","tag-frente-amplio-por-mexico","tag-marcelo-ebrard","tag-marko-cortes","tag-portada","wp-image-borders"],"amp_enabled":true,"_links":{"self":[{"href":"https:\/\/nvnoticias.mx\/index.php\/wp-json\/wp\/v2\/posts\/120088","targetHints":{"allow":["GET"]}}],"collection":[{"href":"https:\/\/nvnoticias.mx\/index.php\/wp-json\/wp\/v2\/posts"}],"about":[{"href":"https:\/\/nvnoticias.mx\/index.php\/wp-json\/wp\/v2\/types\/post"}],"author":[{"embeddable":true,"href":"https:\/\/nvnoticias.mx\/index.php\/wp-json\/wp\/v2\/users\/8"}],"replies":[{"embeddable":true,"href":"https:\/\/nvnoticias.mx\/index.php\/wp-json\/wp\/v2\/comments?post=120088"}],"version-history":[{"count":1,"href":"https:\/\/nvnoticias.mx\/index.php\/wp-json\/wp\/v2\/posts\/120088\/revisions"}],"predecessor-version":[{"id":120089,"href":"https:\/\/nvnoticias.mx\/index.php\/wp-json\/wp\/v2\/posts\/120088\/revisions\/120089"}],"wp:featuredmedia":[{"embeddable":true,"href":"https:\/\/nvnoticias.mx\/index.php\/wp-json\/wp\/v2\/media\/71674"}],"wp:attachment":[{"href":"https:\/\/nvnoticias.mx\/index.php\/wp-json\/wp\/v2\/media?parent=120088"}],"wp:term":[{"taxonomy":"category","embeddable":true,"href":"https:\/\/nvnoticias.mx\/index.php\/wp-json\/wp\/v2\/categories?post=120088"},{"taxonomy":"post_tag","embeddable":true,"href":"https:\/\/nvnoticias.mx\/index.php\/wp-json\/wp\/v2\/tags?post=120088"}],"curies":[{"name":"wp","href":"https:\/\/api.w.org\/{rel}","templated":true}]}}