{"id":120016,"date":"2023-09-07T12:31:10","date_gmt":"2023-09-07T17:31:10","guid":{"rendered":"https:\/\/nvnoticias.mx\/?p=120016"},"modified":"2023-09-07T12:31:11","modified_gmt":"2023-09-07T17:31:11","slug":"entregara-amlo-hoy-el-baston-de-mando-a-sheinbaum","status":"publish","type":"post","link":"https:\/\/nvnoticias.mx\/index.php\/2023\/09\/07\/entregara-amlo-hoy-el-baston-de-mando-a-sheinbaum\/","title":{"rendered":"Entregar\u00e1 AMLO hoy el bast\u00f3n de mando a Sheinbaum"},"content":{"rendered":"\n<p><br>L\u00f3pez Obrador anunci\u00f3 que esta noche entregar\u00e1 el bast\u00f3n de mando de la 4T a Claudia Sheinbaum, ganadora del proceso interno de Morena para convertirse en la candidata presidencial.<\/p>\n\n\n\n<p>El mandatario explic\u00f3 que convocar\u00e1 a diferentes integrantes de Morena, entre ellos los gobernadores,&nbsp;para que atestig\u00fcen la transferencia de la coordinaci\u00f3n del partido.<\/p>\n\n\n\n<blockquote class=\"wp-block-quote is-layout-flow wp-block-quote-is-layout-flow\"><p>&#8220;Quiero invitar a gobernadores, gobernadoras, los quiero invitar para que est\u00e9n y a todos os que participaron. Por la tarde noche s\u00ed. Tengo dos reuniones, tiene que ser afuera, no puede ser aqu\u00ed. Y que conste estamos hablando de entregar la direcci\u00f3n del movimiento de transformaci\u00f3n&#8221;.<\/p><\/blockquote>\n\n\n\n<p><br>El Presidente dej\u00f3 en claro que en cuanto se oficialice la entrega del bast\u00f3n, la toma de decisiones respecto al futuro del partido, as\u00ed como las candidaturas ser\u00e1n completa responsabilidad de Sheinbaum Pardo.<\/p>\n\n\n\n<p>Por tanto, coment\u00f3 que ya se va a dedicar solo a seguir consolidando su administraci\u00f3n con los programas sociales y las obras que se est\u00e1n terminando de construir.<\/p>\n\n\n\n<blockquote class=\"wp-block-quote is-layout-flow wp-block-quote-is-layout-flow\"><p>&#8220;Yo a partir de ma\u00f1ana, hoy entrego, ya ma\u00f1ana es gobierno completamente, de por s\u00ed desde el principio fue gobierno\u2026 ten\u00eda una licencia\u2026 s\u00ed estuve pendiente como dos meses, tampoco ah\u00ed tan metido, sino sab\u00edan que estaba yo ah\u00ed presente con mi ejemplo, pero ahora ya&#8221;.<\/p><\/blockquote>\n\n\n\n<p><br>El mandatario pidi\u00f3 que los integrantes de Morena ya no se acerquen a la oficina Presidencial para tratar temas de partido.<\/p>\n\n\n\n<blockquote class=\"wp-block-quote is-layout-flow wp-block-quote-is-layout-flow\"><p>&#8220;Esto me ayuda mucho para que de por s\u00ed yo soy partidario que para elegir a quienes aspiran a elegir cargos se usen encuestas, ya creo que ha quedado suficientemente demostrado, entonces que no vengan aqu\u00ed mis hermanos, mis amigos a decirme es que vienen gubernaturas, es que vienen diputaciones, senadur\u00edas, vienen muchas cosas, no primo hermano, yo ya conclu\u00ed, ya estoy cerrando mi ciclo como dirigente, lo cierro hoy y ya como gobernante en un a\u00f1o y me retiro, me jubilo&#8221;.<\/p><\/blockquote>\n\n\n\n<p>Fuente: <a href=\"https:\/\/www.milenio.com\/politica\/elecciones\/amlo-celebra-ganador-encuesta-morena-candidato-presidencial-2024\" data-type=\"URL\" data-id=\"https:\/\/www.milenio.com\/politica\/elecciones\/amlo-celebra-ganador-encuesta-morena-candidato-presidencial-2024\">Milenio<\/a> <\/p>\n","protected":false},"excerpt":{"rendered":"<p>L\u00f3pez Obrador anunci\u00f3 que esta noche entregar\u00e1 el bast\u00f3n de mando de la 4T a Claudia Sheinbaum, ganadora del proceso interno de Morena para convertirse en la candidata presidencial. El mandatario explic\u00f3 que convocar\u00e1 a diferentes integrantes de Morena, entre ellos los gobernadores,&nbsp;para que atestig\u00fcen la transferencia de la coordinaci\u00f3n del partido. &#8220;Quiero invitar a [&hellip;]<\/p>\n","protected":false},"author":35,"featured_media":107724,"comment_status":"open","ping_status":"open","sticky":false,"template":"","format":"standard","meta":{"_monsterinsights_skip_tracking":false,"_monsterinsights_sitenote_active":false,"_monsterinsights_sitenote_note":"","_monsterinsights_sitenote_category":0,"footnotes":""},"categories":[158],"tags":[188,27065,2801,20959,25882],"class_list":["post-120016","post","type-post","status-publish","format-standard","has-post-thumbnail","hentry","category-politica","tag-amlo","tag-baston","tag-claudia-sheinbaum","tag-entregara","tag-mando","wp-image-borders"],"amp_enabled":true,"_links":{"self":[{"href":"https:\/\/nvnoticias.mx\/index.php\/wp-json\/wp\/v2\/posts\/120016","targetHints":{"allow":["GET"]}}],"collection":[{"href":"https:\/\/nvnoticias.mx\/index.php\/wp-json\/wp\/v2\/posts"}],"about":[{"href":"https:\/\/nvnoticias.mx\/index.php\/wp-json\/wp\/v2\/types\/post"}],"author":[{"embeddable":true,"href":"https:\/\/nvnoticias.mx\/index.php\/wp-json\/wp\/v2\/users\/35"}],"replies":[{"embeddable":true,"href":"https:\/\/nvnoticias.mx\/index.php\/wp-json\/wp\/v2\/comments?post=120016"}],"version-history":[{"count":1,"href":"https:\/\/nvnoticias.mx\/index.php\/wp-json\/wp\/v2\/posts\/120016\/revisions"}],"predecessor-version":[{"id":120017,"href":"https:\/\/nvnoticias.mx\/index.php\/wp-json\/wp\/v2\/posts\/120016\/revisions\/120017"}],"wp:featuredmedia":[{"embeddable":true,"href":"https:\/\/nvnoticias.mx\/index.php\/wp-json\/wp\/v2\/media\/107724"}],"wp:attachment":[{"href":"https:\/\/nvnoticias.mx\/index.php\/wp-json\/wp\/v2\/media?parent=120016"}],"wp:term":[{"taxonomy":"category","embeddable":true,"href":"https:\/\/nvnoticias.mx\/index.php\/wp-json\/wp\/v2\/categories?post=120016"},{"taxonomy":"post_tag","embeddable":true,"href":"https:\/\/nvnoticias.mx\/index.php\/wp-json\/wp\/v2\/tags?post=120016"}],"curies":[{"name":"wp","href":"https:\/\/api.w.org\/{rel}","templated":true}]}}