{"id":120004,"date":"2023-09-07T12:10:23","date_gmt":"2023-09-07T17:10:23","guid":{"rendered":"https:\/\/nvnoticias.mx\/?p=120004"},"modified":"2023-09-07T12:10:24","modified_gmt":"2023-09-07T17:10:24","slug":"inflacion-se-desacelera-a-un-menor-ritmo","status":"publish","type":"post","link":"https:\/\/nvnoticias.mx\/index.php\/2023\/09\/07\/inflacion-se-desacelera-a-un-menor-ritmo\/","title":{"rendered":"Inflaci\u00f3n se desacelera a un menor ritmo"},"content":{"rendered":"\n<p>La\u00a0inflaci\u00f3n en M\u00e9xico\u00a0continu\u00f3 desaceler\u00e1ndose en agosto, pero a un menor ritmo y se ubic\u00f3 en 4.64 por ciento anual,\u00a0<strong>su menor nivel en dos a\u00f1os y medio.<\/strong><\/p>\n\n\n\n<p>La\u00a0cifra de la inflaci\u00f3n\u00a0result\u00f3 ligeramente por arriba del pron\u00f3stico de los analistas, que estimaron un 4.61 por ciento, seg\u00fan la \u00faltima encuesta de Citibanamex.<\/p>\n\n\n\n<p>El \u00edndice subyacente\u00a0<strong>se ubic\u00f3 en 6.08 por ciento<\/strong>, su menor nivel en 20 meses, y a su interior solo report\u00f3 un mayor avance el \u00edndice de colegiaturas, con 5.49 por ciento, el m\u00e1s elevado en poco m\u00e1s de 14 a\u00f1os, desde julio de 2009.<\/p>\n\n\n\n<p>El componente de servicios, que ha sido foco de atenci\u00f3n de la autoridad monetaria, se moder\u00f3 a 5.15 por ciento, desde el 5.24 por ciento del mes previo. En tanto, el \u00edndice no subyacente subi\u00f3 0.37 por ciento anual, luego de dos meses con ca\u00eddas.<\/p>\n\n\n\n<p>Andres Abadia, economista jefe para\u00a0<strong>Latinoam\u00e9rica de Pantheon Macroecon\u00f3mics<\/strong>, destac\u00f3 que la\u00a0desinflaci\u00f3n\u00a0en M\u00e9xico contin\u00faa, a pesar de un mercado laboral resistente y un s\u00f3lido crecimiento salarial.<\/p>\n\n\n\n<p>A\u00f1adi\u00f3 que los precios m\u00e1s bajos de los insumos, el debilitamiento del impulso del crecimiento en sectores econ\u00f3micos clave y el efecto retardado de las elevadas tasas de inter\u00e9s reales est\u00e1n contribuyendo a reducir la inflaci\u00f3n.<\/p>\n\n\n\n<blockquote class=\"wp-block-quote is-layout-flow wp-block-quote-is-layout-flow\"><p>\u201cEl informe confirma que el panorama de\u00a0la inflaci\u00f3n contin\u00faa\u00a0mejorando (a pesar de superar las\u00a0<strong>expectativas mes a mes<\/strong>) gracias al efecto rezagado de las condiciones financieras m\u00e1s restrictivas, el impresionante repunte del peso en los \u00faltimos meses y los menores precios de las materias primas\u201d, destac\u00f3 en un reporte.<\/p><\/blockquote>\n\n\n\n<p>Jason Tuvey, economista en jefe adjunto para mercados emergentes, de Capital Economic, se\u00f1al\u00f3 que la rigidez de la inflaci\u00f3n de los servicios refleja el r\u00e1pido crecimiento de los salarios, que todav\u00eda supera el 10 por ciento interanual.<\/p>\n\n\n\n<hr class=\"wp-block-separator\"\/>\n\n\n\n<blockquote class=\"wp-block-quote is-layout-flow wp-block-quote-is-layout-flow\"><p>\u201cEsto es algo sobre lo que hemos advertido desde hace alg\u00fan tiempo y ha contribuido al tono agresivo adoptado por\u00a0<strong>funcionarios de Banxico<\/strong>\u00a0en reuniones recientes. Probablemente, habr\u00e1 margen para que las\u00a0tasas de inter\u00e9s\u00a0bajen hacia finales de este a\u00f1o, pero es probable que el ciclo de flexibilizaci\u00f3n sea m\u00e1s gradual de lo que la mayor\u00eda anticipa\u201d, apunt\u00f3.<\/p><\/blockquote>\n\n\n\n<p>Fuente:<a href=\"https:\/\/www.elfinanciero.com.mx\/economia\/2023\/09\/07\/inflacion-en-mexico-se-desacelera-y-llega-a-464-en-agosto\/\" data-type=\"URL\" data-id=\"https:\/\/www.elfinanciero.com.mx\/economia\/2023\/09\/07\/inflacion-en-mexico-se-desacelera-y-llega-a-464-en-agosto\/\"> El Financiero<\/a> <\/p>\n","protected":false},"excerpt":{"rendered":"<p>La\u00a0inflaci\u00f3n en M\u00e9xico\u00a0continu\u00f3 desaceler\u00e1ndose en agosto, pero a un menor ritmo y se ubic\u00f3 en 4.64 por ciento anual,\u00a0su menor nivel en dos a\u00f1os y medio. La\u00a0cifra de la inflaci\u00f3n\u00a0result\u00f3 ligeramente por arriba del pron\u00f3stico de los analistas, que estimaron un 4.61 por ciento, seg\u00fan la \u00faltima encuesta de Citibanamex. El \u00edndice subyacente\u00a0se ubic\u00f3 en [&hellip;]<\/p>\n","protected":false},"author":35,"featured_media":93910,"comment_status":"open","ping_status":"open","sticky":false,"template":"","format":"standard","meta":{"_monsterinsights_skip_tracking":false,"_monsterinsights_sitenote_active":false,"_monsterinsights_sitenote_note":"","_monsterinsights_sitenote_category":0,"footnotes":""},"categories":[157],"tags":[15801,2978,8965,162],"class_list":["post-120004","post","type-post","status-publish","format-standard","has-post-thumbnail","hentry","category-nacional","tag-desacelera","tag-inflacion","tag-menor","tag-portada","wp-image-borders"],"amp_enabled":true,"_links":{"self":[{"href":"https:\/\/nvnoticias.mx\/index.php\/wp-json\/wp\/v2\/posts\/120004","targetHints":{"allow":["GET"]}}],"collection":[{"href":"https:\/\/nvnoticias.mx\/index.php\/wp-json\/wp\/v2\/posts"}],"about":[{"href":"https:\/\/nvnoticias.mx\/index.php\/wp-json\/wp\/v2\/types\/post"}],"author":[{"embeddable":true,"href":"https:\/\/nvnoticias.mx\/index.php\/wp-json\/wp\/v2\/users\/35"}],"replies":[{"embeddable":true,"href":"https:\/\/nvnoticias.mx\/index.php\/wp-json\/wp\/v2\/comments?post=120004"}],"version-history":[{"count":4,"href":"https:\/\/nvnoticias.mx\/index.php\/wp-json\/wp\/v2\/posts\/120004\/revisions"}],"predecessor-version":[{"id":120009,"href":"https:\/\/nvnoticias.mx\/index.php\/wp-json\/wp\/v2\/posts\/120004\/revisions\/120009"}],"wp:featuredmedia":[{"embeddable":true,"href":"https:\/\/nvnoticias.mx\/index.php\/wp-json\/wp\/v2\/media\/93910"}],"wp:attachment":[{"href":"https:\/\/nvnoticias.mx\/index.php\/wp-json\/wp\/v2\/media?parent=120004"}],"wp:term":[{"taxonomy":"category","embeddable":true,"href":"https:\/\/nvnoticias.mx\/index.php\/wp-json\/wp\/v2\/categories?post=120004"},{"taxonomy":"post_tag","embeddable":true,"href":"https:\/\/nvnoticias.mx\/index.php\/wp-json\/wp\/v2\/tags?post=120004"}],"curies":[{"name":"wp","href":"https:\/\/api.w.org\/{rel}","templated":true}]}}