{"id":119783,"date":"2023-09-05T17:35:02","date_gmt":"2023-09-05T22:35:02","guid":{"rendered":"https:\/\/nvnoticias.mx\/?p=119783"},"modified":"2023-09-05T17:35:03","modified_gmt":"2023-09-05T22:35:03","slug":"confirman-kylie-jenner-y-timothee-chalamet-romance","status":"publish","type":"post","link":"https:\/\/nvnoticias.mx\/index.php\/2023\/09\/05\/confirman-kylie-jenner-y-timothee-chalamet-romance\/","title":{"rendered":"Confirman Kylie Jenner y Timoth\u00e9e Chalamet romance"},"content":{"rendered":"\n<p>En principio, cuando comenz\u00f3 a correr el rumor de que&nbsp;<strong>Kylie Jenner<\/strong>&nbsp;y&nbsp;<strong>Timoth\u00e9e Chalamet<\/strong>&nbsp;ten\u00edan un romance nadie lo quer\u00eda creer, pues pese a que las versiones acerca de su relaci\u00f3n se actualizaban con frecuencia, la pareja nunca hab\u00eda sido captada juntos lo que produjo muchas sospechas acerca de la verosimilitud de la noticia, sin embargo, ayer se confirm\u00f3 que la empresaria y el actor est\u00e1n escribiendo su historia de amor, luego de ser captados bes\u00e1ndose en el concierto que Beyonc\u00e9 ofreci\u00f3 anoche en Los \u00c1ngeles.<\/p>\n\n\n\n<p>Fue en diciembre del a\u00f1o pasado cuando Kylie dio a conocer que se separar\u00eda de Travis Scott, quien fuera su pareja desde el 2017, y el padre de sus dos hijos, Stormi (5 a\u00f1os) y Aire (1 a\u00f1o), luego de romper por primera vez en 2019 y se dieran una nueva oportunidad al a\u00f1o siguiente, sin embargo, la reconciliaci\u00f3n dur\u00f3 s\u00f3lo dos a\u00f1os; a partir de ah\u00ed, se supo que el rapero reanud\u00f3 su vida amorosa, sin embargo, la empresaria se mantuvo soltera o, eso era lo que pens\u00e1bamos.<\/p>\n\n\n\n<p>Fuente: <a href=\"https:\/\/www.eluniversal.com.mx\/espectaculos\/kylie-jenner-y-timothee-chalamet-confirman-romance-con-su-primer-beso-en-publico\/\" data-type=\"URL\" data-id=\"https:\/\/www.eluniversal.com.mx\/espectaculos\/kylie-jenner-y-timothee-chalamet-confirman-romance-con-su-primer-beso-en-publico\/\">El Universal<\/a> <\/p>\n","protected":false},"excerpt":{"rendered":"<p>En principio, cuando comenz\u00f3 a correr el rumor de que&nbsp;Kylie Jenner&nbsp;y&nbsp;Timoth\u00e9e Chalamet&nbsp;ten\u00edan un romance nadie lo quer\u00eda creer, pues pese a que las versiones acerca de su relaci\u00f3n se actualizaban con frecuencia, la pareja nunca hab\u00eda sido captada juntos lo que produjo muchas sospechas acerca de la verosimilitud de la noticia, sin embargo, ayer se [&hellip;]<\/p>\n","protected":false},"author":35,"featured_media":119786,"comment_status":"open","ping_status":"open","sticky":false,"template":"","format":"standard","meta":{"_monsterinsights_skip_tracking":false,"_monsterinsights_sitenote_active":false,"_monsterinsights_sitenote_note":"","_monsterinsights_sitenote_category":0,"footnotes":""},"categories":[576],"tags":[9113,5736,5304,18940],"class_list":["post-119783","post","type-post","status-publish","format-standard","has-post-thumbnail","hentry","category-ocio","tag-confirman","tag-kylie-jenner","tag-romance","tag-timothee-chalamet","wp-image-borders"],"amp_enabled":true,"_links":{"self":[{"href":"https:\/\/nvnoticias.mx\/index.php\/wp-json\/wp\/v2\/posts\/119783","targetHints":{"allow":["GET"]}}],"collection":[{"href":"https:\/\/nvnoticias.mx\/index.php\/wp-json\/wp\/v2\/posts"}],"about":[{"href":"https:\/\/nvnoticias.mx\/index.php\/wp-json\/wp\/v2\/types\/post"}],"author":[{"embeddable":true,"href":"https:\/\/nvnoticias.mx\/index.php\/wp-json\/wp\/v2\/users\/35"}],"replies":[{"embeddable":true,"href":"https:\/\/nvnoticias.mx\/index.php\/wp-json\/wp\/v2\/comments?post=119783"}],"version-history":[{"count":4,"href":"https:\/\/nvnoticias.mx\/index.php\/wp-json\/wp\/v2\/posts\/119783\/revisions"}],"predecessor-version":[{"id":119788,"href":"https:\/\/nvnoticias.mx\/index.php\/wp-json\/wp\/v2\/posts\/119783\/revisions\/119788"}],"wp:featuredmedia":[{"embeddable":true,"href":"https:\/\/nvnoticias.mx\/index.php\/wp-json\/wp\/v2\/media\/119786"}],"wp:attachment":[{"href":"https:\/\/nvnoticias.mx\/index.php\/wp-json\/wp\/v2\/media?parent=119783"}],"wp:term":[{"taxonomy":"category","embeddable":true,"href":"https:\/\/nvnoticias.mx\/index.php\/wp-json\/wp\/v2\/categories?post=119783"},{"taxonomy":"post_tag","embeddable":true,"href":"https:\/\/nvnoticias.mx\/index.php\/wp-json\/wp\/v2\/tags?post=119783"}],"curies":[{"name":"wp","href":"https:\/\/api.w.org\/{rel}","templated":true}]}}