{"id":11978,"date":"2021-04-27T15:01:05","date_gmt":"2021-04-27T20:01:05","guid":{"rendered":"https:\/\/nvnoticias.mx\/?p=11978"},"modified":"2021-04-27T15:01:07","modified_gmt":"2021-04-27T20:01:07","slug":"fuerzas-de-tarea-del-ayuntamiento-de-veracruz-trabajan-para-liquidar-incendio-en-tembladeras","status":"publish","type":"post","link":"https:\/\/nvnoticias.mx\/index.php\/2021\/04\/27\/fuerzas-de-tarea-del-ayuntamiento-de-veracruz-trabajan-para-liquidar-incendio-en-tembladeras\/","title":{"rendered":"Fuerzas de tarea del Ayuntamiento de Veracruz trabajan para liquidar incendio en Tembladeras"},"content":{"rendered":"\n<p>Desde el pasado 15 de abril del a\u00f1o en curso, se report\u00f3 a la central de Bomberos de Veracruz un incendio de pastos en la zona conocida como Tembladeras, sobre carretera Veracruz-Xalapa frente a Geo Villas del Puerto entre la Fiscal\u00eda del Estado y el fraccionamiento Crystal Lagoons, lo que moviliz\u00f3 a fuerzas de tarea a la zona.<\/p>\n\n\n\n<figure class=\"wp-block-image size-large\"><img loading=\"lazy\" decoding=\"async\" width=\"1024\" height=\"461\" src=\"https:\/\/nvnoticias.mx\/wp-content\/uploads\/2021\/04\/WhatsApp-Image-2021-04-27-at-12.56.23-PM-1024x461.jpeg\" alt=\"\" class=\"wp-image-11979\" srcset=\"https:\/\/nvnoticias.mx\/wp-content\/uploads\/2021\/04\/WhatsApp-Image-2021-04-27-at-12.56.23-PM-1024x461.jpeg 1024w, https:\/\/nvnoticias.mx\/wp-content\/uploads\/2021\/04\/WhatsApp-Image-2021-04-27-at-12.56.23-PM-300x135.jpeg 300w, https:\/\/nvnoticias.mx\/wp-content\/uploads\/2021\/04\/WhatsApp-Image-2021-04-27-at-12.56.23-PM-768x346.jpeg 768w, https:\/\/nvnoticias.mx\/wp-content\/uploads\/2021\/04\/WhatsApp-Image-2021-04-27-at-12.56.23-PM-1536x691.jpeg 1536w, https:\/\/nvnoticias.mx\/wp-content\/uploads\/2021\/04\/WhatsApp-Image-2021-04-27-at-12.56.23-PM.jpeg 1600w\" sizes=\"auto, (max-width: 1024px) 100vw, 1024px\" \/><\/figure>\n\n\n\n<p>Debido a que la conflagraci\u00f3n se encuentra en la zona de humedal de Tembladeras, un lugar pantanoso donde no hay acceso ni para veh\u00edculos y personal a pie, el personal no pudo llegar hasta el lugar. &nbsp;<\/p>\n\n\n\n<p>Se trata de un incendio de vegetaci\u00f3n acu\u00e1tica propia de un humedal, donde la concentraci\u00f3n de humedad es arriba de 95% en los \u00faltimos d\u00edas, lo cual provoca que la combusti\u00f3n del material (vegetaci\u00f3n) sea lenta, ya que estos porcentajes generan que se mantengan verdes las vainas de la vegetaci\u00f3n y con ello su combusti\u00f3n no es acelerada. Ello provoca una quema lenta y el humo, producto de la combusti\u00f3n, tambi\u00e9n desplaza aromas desagradables en la zona, como lo es el gas metano derivado de la descomposici\u00f3n de materia org\u00e1nica producida en los humedales.&nbsp;<\/p>\n\n\n\n<p>No obstante, desde que se tiene conocimiento de este siniestro, se monitorea constantemente, durante 3 recorridos diarios, la zona para que en el momento que se acerque a un camino, o comience a quemar pastos en suelo firme, el personal pueda ingresar con las maquinas o a pie para aniquilar al fuego.<\/p>\n\n\n\n<p>Es importante se\u00f1alar que no existe riesgo para la poblaci\u00f3n, aunque s\u00ed hay leves malestares debido al humo que se genera por la combusti\u00f3n, toda vez que no arde libremente por la humedad elevada que se tiene.<\/p>\n","protected":false},"excerpt":{"rendered":"<p>Desde el pasado 15 de abril del a\u00f1o en curso, se report\u00f3 a la central de Bomberos de Veracruz un incendio de pastos en la zona conocida como Tembladeras, sobre carretera Veracruz-Xalapa frente a Geo Villas del Puerto entre la Fiscal\u00eda del Estado y el fraccionamiento Crystal Lagoons, lo que moviliz\u00f3 a fuerzas de tarea [&hellip;]<\/p>\n","protected":false},"author":6,"featured_media":11980,"comment_status":"open","ping_status":"open","sticky":false,"template":"","format":"standard","meta":{"_monsterinsights_skip_tracking":false,"_monsterinsights_sitenote_active":false,"_monsterinsights_sitenote_note":"","_monsterinsights_sitenote_category":0,"footnotes":""},"categories":[154],"tags":[1184,310,3285],"class_list":["post-11978","post","type-post","status-publish","format-standard","has-post-thumbnail","hentry","category-veracruz","tag-ayuntamiento-de-veracruz","tag-incendio","tag-tembladeras","wp-image-borders"],"amp_enabled":true,"_links":{"self":[{"href":"https:\/\/nvnoticias.mx\/index.php\/wp-json\/wp\/v2\/posts\/11978","targetHints":{"allow":["GET"]}}],"collection":[{"href":"https:\/\/nvnoticias.mx\/index.php\/wp-json\/wp\/v2\/posts"}],"about":[{"href":"https:\/\/nvnoticias.mx\/index.php\/wp-json\/wp\/v2\/types\/post"}],"author":[{"embeddable":true,"href":"https:\/\/nvnoticias.mx\/index.php\/wp-json\/wp\/v2\/users\/6"}],"replies":[{"embeddable":true,"href":"https:\/\/nvnoticias.mx\/index.php\/wp-json\/wp\/v2\/comments?post=11978"}],"version-history":[{"count":1,"href":"https:\/\/nvnoticias.mx\/index.php\/wp-json\/wp\/v2\/posts\/11978\/revisions"}],"predecessor-version":[{"id":11981,"href":"https:\/\/nvnoticias.mx\/index.php\/wp-json\/wp\/v2\/posts\/11978\/revisions\/11981"}],"wp:featuredmedia":[{"embeddable":true,"href":"https:\/\/nvnoticias.mx\/index.php\/wp-json\/wp\/v2\/media\/11980"}],"wp:attachment":[{"href":"https:\/\/nvnoticias.mx\/index.php\/wp-json\/wp\/v2\/media?parent=11978"}],"wp:term":[{"taxonomy":"category","embeddable":true,"href":"https:\/\/nvnoticias.mx\/index.php\/wp-json\/wp\/v2\/categories?post=11978"},{"taxonomy":"post_tag","embeddable":true,"href":"https:\/\/nvnoticias.mx\/index.php\/wp-json\/wp\/v2\/tags?post=11978"}],"curies":[{"name":"wp","href":"https:\/\/api.w.org\/{rel}","templated":true}]}}