{"id":119737,"date":"2023-09-05T14:00:49","date_gmt":"2023-09-05T19:00:49","guid":{"rendered":"https:\/\/nvnoticias.mx\/?p=119737"},"modified":"2023-09-05T14:00:51","modified_gmt":"2023-09-05T19:00:51","slug":"descarta-cuitlahuac-obra-de-distribuidor-vial-en-xalapa-y-ruiz-cortines","status":"publish","type":"post","link":"https:\/\/nvnoticias.mx\/index.php\/2023\/09\/05\/descarta-cuitlahuac-obra-de-distribuidor-vial-en-xalapa-y-ruiz-cortines\/","title":{"rendered":"Descarta Cuitl\u00e1huac obra de distribuidor vial en Xalapa y Ruiz Cortines"},"content":{"rendered":"\n<p><strong>Sam Ojeda \/ NV Noticias <\/strong><\/p>\n\n\n\n<p>Xalapa.- El Gobernador Cuitl\u00e1huac Garc\u00eda Jim\u00e9nez descart\u00f3 la construcci\u00f3n de un distribuidor vial en el cruce de las avenidas Ruiz Cortines y Xalapa, a la altura del parque La Olla.<\/p>\n\n\n\n<blockquote class=\"wp-block-quote is-layout-flow wp-block-quote-is-layout-flow\"><p><em>\u201cLo que yo plante\u00e9 en mi plan de gobierno son las obras que estamos realizando y no incluye ninguna obra ah\u00ed\u201d, <\/em>enfatiz\u00f3 el Ejecutivo en conferencia de prensa.<\/p><\/blockquote>\n\n\n\n<p>Al tiempo de pedir que \u201cno se dejen enga\u00f1ar con el petate del muerto\u201d, el Mandatario abord\u00f3 el tema del contrato SIOP-PS-PE-001\/2023 relativo al proyecto ejecutivo y Manifestaci\u00f3n de Impacto Ambiental (MIA) sobre dicha obra, aunque refiri\u00f3 que no existe alguna obra respecto a un distribuidor vial.<\/p>\n\n\n\n<blockquote class=\"wp-block-quote is-layout-flow wp-block-quote-is-layout-flow\"><p><em>\u201cAh\u00ed no va a haber obra, miren el que dice a esta obra s\u00ed y est\u00e1 no soy yo, para que acabe pronto no hay nadie m\u00e1s que yo el que dice\u201d, <\/em>se\u00f1al\u00f3<em>.<\/em><\/p><\/blockquote>\n\n\n\n<p>Explic\u00f3 que la Secretar\u00eda de Infraestructura y Obras P\u00fablicas (SIOP) realiza \u201ccientos de proyectos\u201d, aunque es falso que se vaya a construir una infraestructura de este tipo.<\/p>\n\n\n\n<blockquote class=\"wp-block-quote is-layout-flow wp-block-quote-is-layout-flow\"><p><em>\u201cNosotros hacemos cientos de proyectos, son estudios que se tienen que hacer para estar previstos de las etapas de ingenier\u00eda civil que se van a requerir; no somos improvisados, no somos gente que de pronto se les ocurre una obra. <\/em><span style=\"font-size: 1.125rem;\"><em>Se tiene una cartera de proyectos muy grandes, deben rondar como los mil proyectos\u201d.<\/em><\/span><\/p><\/blockquote>\n\n\n\n<p>Advirti\u00f3 que ante las quejas que se han suscitado contra el proyecto obedecen a las precampa\u00f1as electorales y no dud\u00f3 que de ese movimiento surja alg\u00fan aspirante a un cargo de elecci\u00f3n.<\/p>\n\n\n\n<blockquote class=\"wp-block-quote is-layout-flow wp-block-quote-is-layout-flow\"><p>\u201cVa a haber quien se quiere poner al frente, porque al rato va a salir de candidato de alg\u00fan partido, es que no tienen ya esperanzas, pues tienen que abanderar algo porque sino se quedan sin nada y ah\u00ed andan buscando a ver qu\u00e9 encuentran como esto\u201d.<\/p><\/blockquote>\n","protected":false},"excerpt":{"rendered":"<p>Sam Ojeda \/ NV Noticias Xalapa.- El Gobernador Cuitl\u00e1huac Garc\u00eda Jim\u00e9nez descart\u00f3 la construcci\u00f3n de un distribuidor vial en el cruce de las avenidas Ruiz Cortines y Xalapa, a la altura del parque La Olla. \u201cLo que yo plante\u00e9 en mi plan de gobierno son las obras que estamos realizando y no incluye ninguna obra [&hellip;]<\/p>\n","protected":false},"author":8,"featured_media":109235,"comment_status":"open","ping_status":"open","sticky":false,"template":"","format":"standard","meta":{"_monsterinsights_skip_tracking":false,"_monsterinsights_sitenote_active":false,"_monsterinsights_sitenote_note":"","_monsterinsights_sitenote_category":0,"footnotes":""},"categories":[156],"tags":[27092,17418,312],"class_list":["post-119737","post","type-post","status-publish","format-standard","has-post-thumbnail","hentry","category-estado","tag-distribuidor-vial","tag-ruiz-cortines","tag-xalapa","wp-image-borders"],"amp_enabled":true,"_links":{"self":[{"href":"https:\/\/nvnoticias.mx\/index.php\/wp-json\/wp\/v2\/posts\/119737","targetHints":{"allow":["GET"]}}],"collection":[{"href":"https:\/\/nvnoticias.mx\/index.php\/wp-json\/wp\/v2\/posts"}],"about":[{"href":"https:\/\/nvnoticias.mx\/index.php\/wp-json\/wp\/v2\/types\/post"}],"author":[{"embeddable":true,"href":"https:\/\/nvnoticias.mx\/index.php\/wp-json\/wp\/v2\/users\/8"}],"replies":[{"embeddable":true,"href":"https:\/\/nvnoticias.mx\/index.php\/wp-json\/wp\/v2\/comments?post=119737"}],"version-history":[{"count":1,"href":"https:\/\/nvnoticias.mx\/index.php\/wp-json\/wp\/v2\/posts\/119737\/revisions"}],"predecessor-version":[{"id":119741,"href":"https:\/\/nvnoticias.mx\/index.php\/wp-json\/wp\/v2\/posts\/119737\/revisions\/119741"}],"wp:featuredmedia":[{"embeddable":true,"href":"https:\/\/nvnoticias.mx\/index.php\/wp-json\/wp\/v2\/media\/109235"}],"wp:attachment":[{"href":"https:\/\/nvnoticias.mx\/index.php\/wp-json\/wp\/v2\/media?parent=119737"}],"wp:term":[{"taxonomy":"category","embeddable":true,"href":"https:\/\/nvnoticias.mx\/index.php\/wp-json\/wp\/v2\/categories?post=119737"},{"taxonomy":"post_tag","embeddable":true,"href":"https:\/\/nvnoticias.mx\/index.php\/wp-json\/wp\/v2\/tags?post=119737"}],"curies":[{"name":"wp","href":"https:\/\/api.w.org\/{rel}","templated":true}]}}