{"id":119686,"date":"2023-09-05T10:33:39","date_gmt":"2023-09-05T15:33:39","guid":{"rendered":"https:\/\/nvnoticias.mx\/?p=119686"},"modified":"2023-09-05T10:33:40","modified_gmt":"2023-09-05T15:33:40","slug":"exhiben-en-la-mananera-a-quien-amparo-a-garcia-cabeza-de-vaca","status":"publish","type":"post","link":"https:\/\/nvnoticias.mx\/index.php\/2023\/09\/05\/exhiben-en-la-mananera-a-quien-amparo-a-garcia-cabeza-de-vaca\/","title":{"rendered":"Exhiben en La Ma\u00f1anera a quien ampar\u00f3 a Garc\u00eda Cabeza de Vaca"},"content":{"rendered":"\n<p>Un juez federal fue exhibido en la ma\u00f1anera del presidente\u00a0<strong>Andr\u00e9s Manuel L\u00f3pez Obrador<\/strong>\u00a0por amparar al exgobernador de Tamaulipas,<strong>\u00a0Francisco Garc\u00eda Cabeza de Vaca\u00a0<\/strong>hasta en dos ocasiones, con lo que autoridades federales advirtieron que el juzgador estar\u00eda actuando bajo consigna.<\/p>\n\n\n\n<p>Durante la secci\u00f3n Cero Impunidad, el subsecretario de Seguridad P\u00fablica Luis Rodr\u00edguez Bucio exhibi\u00f3 al<strong>&nbsp;juez Faustino Guti\u00e9rrez P\u00e9rez<\/strong>&nbsp;por el amparo indirecto identificado por el expediente 1431\/2023.<\/p>\n\n\n\n<p>Se trata del caso por el que el exgobernador Francisco Garc\u00eda Cabeza de Vaca impugn\u00f3 el retiro de escoltas, una situaci\u00f3n que fue revocada por el juez Octavo de Distrito con residencia en el estado de Tamaulipas.<\/p>\n\n\n\n<blockquote class=\"wp-block-quote is-layout-flow wp-block-quote-is-layout-flow\"><p>\u201cDe acuerdo al juzgador, no basta con usar la frase \u2018por necesidades del servicio\u2019, sino que hay que\u00a0<strong>justificar\u00a0<\/strong>y sobre todo tomar en consideraci\u00f3n la naturaleza del servicio al que est\u00e1 sujeto el funcionario p\u00fablico\u201d, indic\u00f3 el funcionario federal.<\/p><\/blockquote>\n\n\n\n<p>Sin embargo, se precis\u00f3 que este mismo juzgador, en octubre de 2022, otorg\u00f3 una suspensi\u00f3n provisional a Cabeza de Vaca por el delito de\u00a0<strong>delincuencia organizada<\/strong>\u00a0y otro m\u00e1s en febrero de este a\u00f1o, que ya fue revocado por un Tribunal Colegiado.<\/p>\n\n\n\n<blockquote class=\"wp-block-quote is-layout-flow wp-block-quote-is-layout-flow\"><p>\u201cEsto pareciera que el juez Guti\u00e9rrez P\u00e9rez actuara como juez de consigna en los asuntos que lleva el exgobernador tamaulipeco\u201d, indic\u00f3 Rodr\u00edguez Bucio durante la ma\u00f1anera de este martes.<\/p><\/blockquote>\n\n\n\n<h2 class=\"wp-block-heading\">Exhiben tambi\u00e9n a juez del caso Jorge Winkler<\/h2>\n\n\n\n<p>En el caso de<strong>\u00a0Jorge Winkler<\/strong>, exfiscal del estrado de Veracruz, detenido por posible desaparici\u00f3n forzada y secuestro, se indic\u00f3 que el encargado de despacho del juzgado Decimos\u00e9ptimo de Distrito en Veracruz por otorgar una suspensi\u00f3n provisional para cesar la prisi\u00f3n preventiva oficiosa.<\/p>\n\n\n\n<p>El encargado consider\u00f3 que es contraria a los tratados internacional, y orden\u00f3 que se eval\u00fae la imposici\u00f3n de otra\u00a0<strong>medida cautelar<\/strong>\u00a0prevista en la ley.<\/p>\n\n\n\n<blockquote class=\"wp-block-quote is-layout-flow wp-block-quote-is-layout-flow\"><p>\u201cDe esta forma intent\u00f3 liberar a Jorge \u201cN\u201d a pesar de que los delitos por los que se le investiga son\u00a0<strong>graves<\/strong>\u201d; acus\u00f3 el funcionario federal en contra del secretario Andr\u00e9s Rossel Mart\u00ednez.<\/p><\/blockquote>\n\n\n\n<p>El caso se encuentra documentado bajo el expediente de amparo indirecto 751\/2023.<\/p>\n\n\n\n<p>Fuente: <a href=\"https:\/\/www.infobae.com\/mexico\/2023\/09\/05\/exhiben-en-la-mananera-a-quien-amparo-a-garcia-cabeza-de-vaca-actuo-como-juez-de-consigna\/\" data-type=\"URL\" data-id=\"https:\/\/www.infobae.com\/mexico\/2023\/09\/05\/exhiben-en-la-mananera-a-quien-amparo-a-garcia-cabeza-de-vaca-actuo-como-juez-de-consigna\/\">Infobae<\/a> <\/p>\n","protected":false},"excerpt":{"rendered":"<p>Un juez federal fue exhibido en la ma\u00f1anera del presidente\u00a0Andr\u00e9s Manuel L\u00f3pez Obrador\u00a0por amparar al exgobernador de Tamaulipas,\u00a0Francisco Garc\u00eda Cabeza de Vaca\u00a0hasta en dos ocasiones, con lo que autoridades federales advirtieron que el juzgador estar\u00eda actuando bajo consigna. Durante la secci\u00f3n Cero Impunidad, el subsecretario de Seguridad P\u00fablica Luis Rodr\u00edguez Bucio exhibi\u00f3 al&nbsp;juez Faustino Guti\u00e9rrez [&hellip;]<\/p>\n","protected":false},"author":35,"featured_media":13482,"comment_status":"open","ping_status":"open","sticky":false,"template":"","format":"standard","meta":{"_monsterinsights_skip_tracking":false,"_monsterinsights_sitenote_active":false,"_monsterinsights_sitenote_note":"","_monsterinsights_sitenote_category":0,"footnotes":""},"categories":[158],"tags":[27086,7836,4559,21942,162],"class_list":["post-119686","post","type-post","status-publish","format-standard","has-post-thumbnail","hentry","category-politica","tag-amparo-2","tag-exhiben","tag-garcia-cabeza-de-vaca","tag-la-mananera","tag-portada","wp-image-borders"],"amp_enabled":true,"_links":{"self":[{"href":"https:\/\/nvnoticias.mx\/index.php\/wp-json\/wp\/v2\/posts\/119686","targetHints":{"allow":["GET"]}}],"collection":[{"href":"https:\/\/nvnoticias.mx\/index.php\/wp-json\/wp\/v2\/posts"}],"about":[{"href":"https:\/\/nvnoticias.mx\/index.php\/wp-json\/wp\/v2\/types\/post"}],"author":[{"embeddable":true,"href":"https:\/\/nvnoticias.mx\/index.php\/wp-json\/wp\/v2\/users\/35"}],"replies":[{"embeddable":true,"href":"https:\/\/nvnoticias.mx\/index.php\/wp-json\/wp\/v2\/comments?post=119686"}],"version-history":[{"count":5,"href":"https:\/\/nvnoticias.mx\/index.php\/wp-json\/wp\/v2\/posts\/119686\/revisions"}],"predecessor-version":[{"id":119691,"href":"https:\/\/nvnoticias.mx\/index.php\/wp-json\/wp\/v2\/posts\/119686\/revisions\/119691"}],"wp:featuredmedia":[{"embeddable":true,"href":"https:\/\/nvnoticias.mx\/index.php\/wp-json\/wp\/v2\/media\/13482"}],"wp:attachment":[{"href":"https:\/\/nvnoticias.mx\/index.php\/wp-json\/wp\/v2\/media?parent=119686"}],"wp:term":[{"taxonomy":"category","embeddable":true,"href":"https:\/\/nvnoticias.mx\/index.php\/wp-json\/wp\/v2\/categories?post=119686"},{"taxonomy":"post_tag","embeddable":true,"href":"https:\/\/nvnoticias.mx\/index.php\/wp-json\/wp\/v2\/tags?post=119686"}],"curies":[{"name":"wp","href":"https:\/\/api.w.org\/{rel}","templated":true}]}}