{"id":119605,"date":"2023-09-04T15:54:54","date_gmt":"2023-09-04T20:54:54","guid":{"rendered":"https:\/\/nvnoticias.mx\/?p=119605"},"modified":"2023-09-04T15:54:55","modified_gmt":"2023-09-04T20:54:55","slug":"descarta-luis-donaldo-colosio-buscar-candidatura-presidencial-de-mc-en-2024","status":"publish","type":"post","link":"https:\/\/nvnoticias.mx\/index.php\/2023\/09\/04\/descarta-luis-donaldo-colosio-buscar-candidatura-presidencial-de-mc-en-2024\/","title":{"rendered":"Descarta Luis Donaldo Colosio  buscar candidatura presidencial de MC en 2024"},"content":{"rendered":"\n<p>El\u00a0alcalde de Monterrey, Luis Donaldo Colosio Riojas,\u00a0<strong>rechaz\u00f3\u00a0contender en la elecci\u00f3n presidencial de 2024;<\/strong>\u00a0admiti\u00f3 que le falta madurar en todos los sentidos y dijo que no ser\u00e1 la persona que divida a la oposici\u00f3n.<\/p>\n\n\n\n<p>Tras su participaci\u00f3n en la conferencia\u00a0<em>Nueva Generaci\u00f3n, Nueva Pol\u00edtica,\u00a0<\/em>en el Centro de la Comunidad Universitaria de la Universidad de Monterrey, el mun\u00edcipe regiomontano fue contundente a la pregunta hecha por el director del Instituto de Estudios Pol\u00edticos de la UDEM,\u00a0<strong>Agust\u00edn Basave<\/strong>, si contender\u00eda por la\u00a0<strong>Presidencia de la Rep\u00fablica<\/strong>.<\/p>\n\n\n\n<blockquote class=\"wp-block-quote is-layout-flow wp-block-quote-is-layout-flow\"><p>&#8220;<strong>Mi respuesta es no;<\/strong>&nbsp;mi respuesta, digo, nunca lo he manifestado, pero siempre lo he dado entender bastante claro. Me propuse esperar que fueran los tiempos legales para hablar de cosas futuras y sobre todo cosas que no tienen que ver con mi trabajo; yo respeto mucho mi trabajo, mi encargo, como para estar constantemente distra\u00eddo por cosas que todav\u00eda no ocurren&#8221;.<\/p><\/blockquote>\n\n\n\n<blockquote class=\"wp-block-quote is-layout-flow wp-block-quote-is-layout-flow\"><p>&#8220;Mi respuesta es no por tres razones: la primera de ellas es porque&nbsp;<strong>no es el momento adecuado.<\/strong>&nbsp;Tengo muy poco tiempo de haber ingresado a lo p\u00fablico,&nbsp;<strong>hay muchas cosas que necesitan madurar<\/strong>, empezando por mi persona, en muchos aspectos de mi vida, como padre, como esposo, como amigo por supuesto que como servidor p\u00fablico, hay que reconocerlo, es un proceso de maduraci\u00f3n, de aprendizaje&#8221;, dijo el edil regio.<\/p><\/blockquote>\n\n\n\n<p>Sobre todo, agreg\u00f3, se requiere una construcci\u00f3n de equipos, un equipo que realmente pueda tomar una responsabilidad de este tama\u00f1o, con quien se pueda planear un proyecto pol\u00edtico y t\u00e9cnico.<\/p>\n\n\n\n<blockquote class=\"wp-block-quote is-layout-flow wp-block-quote-is-layout-flow\"><p>&#8220;Y finalmente que sea un momento,&nbsp;<strong>donde socialmente tenga yo esa confianza de la gente&nbsp;<\/strong>y en segundo lugar porque no quisiera ser yo la persona que divida a una oposici\u00f3n que tiene genuinas intenciones de recalibrar el rumbo de M\u00e9xico, no voy a entrar a esas ri\u00f1as inconsistentes&#8221;.<\/p><\/blockquote>\n\n\n\n<blockquote class=\"wp-block-quote is-layout-flow wp-block-quote-is-layout-flow\"><p>&#8220;Respeto mucho a Movimiento Ciudadano, es la plataforma en la que pretendo quedarme en mi carrera pol\u00edtica durante el tiempo que contin\u00fae haciendo mi carrera pol\u00edtica, pero&nbsp;<strong>no voy a hacer el art\u00edfice de la divisi\u00f3n de la oposici\u00f3n<\/strong>, ser\u00eda irresponsable&#8221;.<\/p><\/blockquote>\n\n\n\n<blockquote class=\"wp-block-quote is-layout-flow wp-block-quote-is-layout-flow\"><p>&#8220;Finalmente una raz\u00f3n muy ego\u00edsta, la m\u00e1s ego\u00edsta de todas, pero creo que es la m\u00e1s importante:&nbsp;<strong>mis hijos est\u00e1n peque\u00f1os<\/strong>, son mi mundo entero y necesitan un pap\u00e1 y \u00e9ste es el momento para estar con mis hijos&#8221;, dijo Colosio Riojas.<\/p><\/blockquote>\n\n\n\n<p>Fuente: <a href=\"https:\/\/www.milenio.com\/politica\/elecciones\/colosio-riojas-no-buscara-presidencia-2024-con-movimiento-ciudadano\" data-type=\"URL\" data-id=\"https:\/\/www.milenio.com\/politica\/elecciones\/colosio-riojas-no-buscara-presidencia-2024-con-movimiento-ciudadano\">Milenio<\/a><\/p>\n","protected":false},"excerpt":{"rendered":"<p>El\u00a0alcalde de Monterrey, Luis Donaldo Colosio Riojas,\u00a0rechaz\u00f3\u00a0contender en la elecci\u00f3n presidencial de 2024;\u00a0admiti\u00f3 que le falta madurar en todos los sentidos y dijo que no ser\u00e1 la persona que divida a la oposici\u00f3n. Tras su participaci\u00f3n en la conferencia\u00a0Nueva Generaci\u00f3n, Nueva Pol\u00edtica,\u00a0en el Centro de la Comunidad Universitaria de la Universidad de Monterrey, el mun\u00edcipe [&hellip;]<\/p>\n","protected":false},"author":35,"featured_media":36515,"comment_status":"open","ping_status":"open","sticky":false,"template":"","format":"standard","meta":{"_monsterinsights_skip_tracking":false,"_monsterinsights_sitenote_active":false,"_monsterinsights_sitenote_note":"","_monsterinsights_sitenote_category":0,"footnotes":""},"categories":[158],"tags":[6520,9110,16956],"class_list":["post-119605","post","type-post","status-publish","format-standard","has-post-thumbnail","hentry","category-politica","tag-candidatura-presidencial","tag-descarta","tag-luis-donaldo-colosio","wp-image-borders"],"amp_enabled":true,"_links":{"self":[{"href":"https:\/\/nvnoticias.mx\/index.php\/wp-json\/wp\/v2\/posts\/119605","targetHints":{"allow":["GET"]}}],"collection":[{"href":"https:\/\/nvnoticias.mx\/index.php\/wp-json\/wp\/v2\/posts"}],"about":[{"href":"https:\/\/nvnoticias.mx\/index.php\/wp-json\/wp\/v2\/types\/post"}],"author":[{"embeddable":true,"href":"https:\/\/nvnoticias.mx\/index.php\/wp-json\/wp\/v2\/users\/35"}],"replies":[{"embeddable":true,"href":"https:\/\/nvnoticias.mx\/index.php\/wp-json\/wp\/v2\/comments?post=119605"}],"version-history":[{"count":3,"href":"https:\/\/nvnoticias.mx\/index.php\/wp-json\/wp\/v2\/posts\/119605\/revisions"}],"predecessor-version":[{"id":119609,"href":"https:\/\/nvnoticias.mx\/index.php\/wp-json\/wp\/v2\/posts\/119605\/revisions\/119609"}],"wp:featuredmedia":[{"embeddable":true,"href":"https:\/\/nvnoticias.mx\/index.php\/wp-json\/wp\/v2\/media\/36515"}],"wp:attachment":[{"href":"https:\/\/nvnoticias.mx\/index.php\/wp-json\/wp\/v2\/media?parent=119605"}],"wp:term":[{"taxonomy":"category","embeddable":true,"href":"https:\/\/nvnoticias.mx\/index.php\/wp-json\/wp\/v2\/categories?post=119605"},{"taxonomy":"post_tag","embeddable":true,"href":"https:\/\/nvnoticias.mx\/index.php\/wp-json\/wp\/v2\/tags?post=119605"}],"curies":[{"name":"wp","href":"https:\/\/api.w.org\/{rel}","templated":true}]}}