{"id":119558,"date":"2023-09-04T14:29:13","date_gmt":"2023-09-04T19:29:13","guid":{"rendered":"https:\/\/nvnoticias.mx\/?p=119558"},"modified":"2023-09-04T14:29:15","modified_gmt":"2023-09-04T19:29:15","slug":"destaca-del-mazo-triunfo-electoral-de-delfina-gomez-en-ultimo-informe-de-gobierno","status":"publish","type":"post","link":"https:\/\/nvnoticias.mx\/index.php\/2023\/09\/04\/destaca-del-mazo-triunfo-electoral-de-delfina-gomez-en-ultimo-informe-de-gobierno\/","title":{"rendered":"Destaca Del Mazo triunfo electoral de Delfina G\u00f3mez en \u00faltimo Informe de Gobierno"},"content":{"rendered":"\n<p>Al rendir su \u00faltimo Informe de Gobierno, el mandatario priista del\u00a0Estado de M\u00e9xico,\u00a0Alfredo Del Mazo,\u00a0destac\u00f3 el triunfo electoral de la morenista\u00a0Delfina G\u00f3mez, quien el pr\u00f3ximo jueves\u00a0<strong>14 de septiembre<\/strong>\u00a0tomar\u00e1 posesi\u00f3n como titular del\u00a0<strong>Poder Ejecutivo<\/strong>\u00a0de esa entidad.<\/p>\n\n\n\n<p>Con la asistencia del presidente\u00a0Andr\u00e9s Manuel L\u00f3pez Obrador\u00a0en el patio central del\u00a0<strong>Palacio de Gobierno<\/strong>\u00a0mexiquense,\u00a0<strong>Del Mazo\u00a0<\/strong>calific\u00f3 de \u201cdecisi\u00f3n hist\u00f3rica\u201d que, en casi 200 a\u00f1os,\u00a0<strong>Delfina G\u00f3mez<\/strong>\u00a0se convertir\u00e1 en la primera mujer que encabece la administraci\u00f3n estatal.<\/p>\n\n\n\n<blockquote class=\"wp-block-quote is-layout-flow wp-block-quote-is-layout-flow\"><p>\u201cEl pasado 4 de junio, el&nbsp;<strong>Estado de M\u00e9xico<\/strong>&nbsp;refrend\u00f3 la madurez su democracia (\u2026) en un clima de paz, las y los ciudadanos expresaron por medio del voto sus preferencias&#8221;.<\/p><\/blockquote>\n\n\n\n<blockquote class=\"wp-block-quote is-layout-flow wp-block-quote-is-layout-flow\"><p>\u201cEl triunfo de la maestra&nbsp;<strong>Delfina G\u00f3mez \u00c1lvarez<\/strong>&nbsp;es una decisi\u00f3n hist\u00f3rica de los mexiquenses, es la primera vez en que una mujer conducir\u00e1 el destino de la entidad y el reflejo de los nuevos tiempos que vivimos\u201d, enfatiz\u00f3 el gobernador del&nbsp;<strong>Estado de M\u00e9xico<\/strong>, entidad ser\u00e1 gobernado por primera vez en su historia por un partido distinto al&nbsp;<strong>PRI.<\/strong><\/p><\/blockquote>\n\n\n\n<p><\/p>\n\n\n\n<p>Durante un par de minutos,&nbsp;<strong>Alfredo Del Mazo<\/strong>&nbsp;reconoci\u00f3 en tres ocasiones a la pr\u00f3xima gobernadora del Estado de M\u00e9xico, a quien le dese\u00f3 \u201cel mayor de los \u00e9xitos\u201d como mandataria de la entidad, la m\u00e1s poblada del pa\u00eds.<\/p>\n\n\n\n<blockquote class=\"wp-block-quote is-layout-flow wp-block-quote-is-layout-flow\"><p>\u201cPor su disposici\u00f3n para llevar adelante una transici\u00f3n institucional y constructiva, hago un reconocimiento a la gobernadora electa con quien hemos dialogado las acciones, programas y pol\u00edticas p\u00fablicas realizadas durante la administraci\u00f3n&#8221;.<\/p><\/blockquote>\n\n\n\n<blockquote class=\"wp-block-quote is-layout-flow wp-block-quote-is-layout-flow\"><p>\u201cA la gobernadora electa le deseamos el mayor de los \u00e9xitos, estamos convencidos de que si le va bien a ella y a su gobierno le ir\u00e1 bien al&nbsp;<strong>Estado de M\u00e9xico<\/strong>, su gobierno encontrar\u00e1 bases firmes para trabajar en un clima de paz, estabilidad y unidad, nuestro reconocimiento a la gobernadora electa, la maestra&nbsp;<strong>Delfina G\u00f3mez \u00c1lvarez<\/strong>\u201d, exclam\u00f3 ante la ovaci\u00f3n de los asistentes que provoc\u00f3 que la gobernadora electa se levantara de su asiento para agradecer los aplausos.<\/p><\/blockquote>\n\n\n\n<p>Fuente: <a href=\"https:\/\/www.milenio.com\/politica\/en-ultimo-informe-de-gobierno-del-mazo-destaca-triunfo-de-delfina\" data-type=\"URL\" data-id=\"https:\/\/www.milenio.com\/politica\/en-ultimo-informe-de-gobierno-del-mazo-destaca-triunfo-de-delfina\">Milenio<\/a> <\/p>\n","protected":false},"excerpt":{"rendered":"<p>Al rendir su \u00faltimo Informe de Gobierno, el mandatario priista del\u00a0Estado de M\u00e9xico,\u00a0Alfredo Del Mazo,\u00a0destac\u00f3 el triunfo electoral de la morenista\u00a0Delfina G\u00f3mez, quien el pr\u00f3ximo jueves\u00a014 de septiembre\u00a0tomar\u00e1 posesi\u00f3n como titular del\u00a0Poder Ejecutivo\u00a0de esa entidad. Con la asistencia del presidente\u00a0Andr\u00e9s Manuel L\u00f3pez Obrador\u00a0en el patio central del\u00a0Palacio de Gobierno\u00a0mexiquense,\u00a0Del Mazo\u00a0calific\u00f3 de \u201cdecisi\u00f3n hist\u00f3rica\u201d que, en [&hellip;]<\/p>\n","protected":false},"author":35,"featured_media":91405,"comment_status":"open","ping_status":"open","sticky":false,"template":"","format":"standard","meta":{"_monsterinsights_skip_tracking":false,"_monsterinsights_sitenote_active":false,"_monsterinsights_sitenote_note":"","_monsterinsights_sitenote_category":0,"footnotes":""},"categories":[158],"tags":[7607,8784,10555,299,27069,3352,7590],"class_list":["post-119558","post","type-post","status-publish","format-standard","has-post-thumbnail","hentry","category-politica","tag-alfredo-del-mazo","tag-delfina-gomez","tag-destaca","tag-gobierno","tag-imforme","tag-triunfo","tag-ultimo","wp-image-borders"],"amp_enabled":true,"_links":{"self":[{"href":"https:\/\/nvnoticias.mx\/index.php\/wp-json\/wp\/v2\/posts\/119558","targetHints":{"allow":["GET"]}}],"collection":[{"href":"https:\/\/nvnoticias.mx\/index.php\/wp-json\/wp\/v2\/posts"}],"about":[{"href":"https:\/\/nvnoticias.mx\/index.php\/wp-json\/wp\/v2\/types\/post"}],"author":[{"embeddable":true,"href":"https:\/\/nvnoticias.mx\/index.php\/wp-json\/wp\/v2\/users\/35"}],"replies":[{"embeddable":true,"href":"https:\/\/nvnoticias.mx\/index.php\/wp-json\/wp\/v2\/comments?post=119558"}],"version-history":[{"count":3,"href":"https:\/\/nvnoticias.mx\/index.php\/wp-json\/wp\/v2\/posts\/119558\/revisions"}],"predecessor-version":[{"id":119561,"href":"https:\/\/nvnoticias.mx\/index.php\/wp-json\/wp\/v2\/posts\/119558\/revisions\/119561"}],"wp:featuredmedia":[{"embeddable":true,"href":"https:\/\/nvnoticias.mx\/index.php\/wp-json\/wp\/v2\/media\/91405"}],"wp:attachment":[{"href":"https:\/\/nvnoticias.mx\/index.php\/wp-json\/wp\/v2\/media?parent=119558"}],"wp:term":[{"taxonomy":"category","embeddable":true,"href":"https:\/\/nvnoticias.mx\/index.php\/wp-json\/wp\/v2\/categories?post=119558"},{"taxonomy":"post_tag","embeddable":true,"href":"https:\/\/nvnoticias.mx\/index.php\/wp-json\/wp\/v2\/tags?post=119558"}],"curies":[{"name":"wp","href":"https:\/\/api.w.org\/{rel}","templated":true}]}}