{"id":119419,"date":"2023-09-02T13:50:12","date_gmt":"2023-09-02T18:50:12","guid":{"rendered":"https:\/\/nvnoticias.mx\/?p=119419"},"modified":"2023-09-02T13:50:13","modified_gmt":"2023-09-02T18:50:13","slug":"se-organizan-adultos-mayores-de-la-huaca-para-superar-conflictos-vecinales","status":"publish","type":"post","link":"https:\/\/nvnoticias.mx\/index.php\/2023\/09\/02\/se-organizan-adultos-mayores-de-la-huaca-para-superar-conflictos-vecinales\/","title":{"rendered":"Se organizan adultos mayores de La Huaca para superar conflictos vecinales"},"content":{"rendered":"\n<p><strong>Jes\u00fas Utrilla | NV Noticias <\/strong><\/p>\n\n\n\n<p>&nbsp;Los adultos mayores del Barrio de La Huaca han tomado la iniciativa de unirse en pro del rescate y mejora de su emblem\u00e1tico barrio en Veracruz.&nbsp;<\/p>\n\n\n\n<p>Rafael Garc\u00eda Anaya, representante de los vecinos, destac\u00f3 la importancia de superar las diferencias entre grupos vecinales y unirse en un esfuerzo conjunto. Como resultado, han establecido el Consejo Regional de Personas Adultas Mayores del Barrio de La Huaca.<\/p>\n\n\n\n<p>Este comprometido grupo de vecinos, que incluye doctores, ingenieros y amigos de toda la vida, tiene la intenci\u00f3n de presentar proyectos que revitalicen la imagen del barrio y se involucren en la lucha contra la contaminaci\u00f3n marina.&nbsp;<\/p>\n\n\n\n<p>Adem\u00e1s, planean implementar programas sociales que fomenten el intercambio generacional y capacitar\u00e1n en mano de obra especializada para restaurar las fachadas del barrio.<\/p>\n\n\n\n<p>Estos programas de capacitaci\u00f3n contar\u00e1n con la experiencia de marinos militares retirados, quienes se encargar\u00e1n de ofrecer cursos y charlas. Adem\u00e1s, los adultos mayores buscar\u00e1n participar activamente en los esfuerzos contra la contaminaci\u00f3n marina, aprovechando sus conocimientos y experiencias para contribuir al bienestar de la comunidad.<\/p>\n\n\n\n<p>Para formalizar su compromiso, el notario Gustavo Sousa Escamilla ha realizado los tr\u00e1mites necesarios para la creaci\u00f3n del Consejo Regional de Personas Adultas Mayores del Barrio de La Huaca, marcando as\u00ed el inicio de una nueva etapa de colaboraci\u00f3n y mejora en este querido rinc\u00f3n de Veracruz.<\/p>\n","protected":false},"excerpt":{"rendered":"<p>Jes\u00fas Utrilla | NV Noticias &nbsp;Los adultos mayores del Barrio de La Huaca han tomado la iniciativa de unirse en pro del rescate y mejora de su emblem\u00e1tico barrio en Veracruz.&nbsp; Rafael Garc\u00eda Anaya, representante de los vecinos, destac\u00f3 la importancia de superar las diferencias entre grupos vecinales y unirse en un esfuerzo conjunto. Como [&hellip;]<\/p>\n","protected":false},"author":35,"featured_media":119420,"comment_status":"open","ping_status":"open","sticky":false,"template":"","format":"standard","meta":{"_monsterinsights_skip_tracking":false,"_monsterinsights_sitenote_active":false,"_monsterinsights_sitenote_note":"","_monsterinsights_sitenote_category":0,"footnotes":""},"categories":[154],"tags":[6826,5861,1827],"class_list":["post-119419","post","type-post","status-publish","format-standard","has-post-thumbnail","hentry","category-veracruz","tag-conflictos","tag-la-huaca","tag-vecinos","wp-image-borders"],"amp_enabled":true,"_links":{"self":[{"href":"https:\/\/nvnoticias.mx\/index.php\/wp-json\/wp\/v2\/posts\/119419","targetHints":{"allow":["GET"]}}],"collection":[{"href":"https:\/\/nvnoticias.mx\/index.php\/wp-json\/wp\/v2\/posts"}],"about":[{"href":"https:\/\/nvnoticias.mx\/index.php\/wp-json\/wp\/v2\/types\/post"}],"author":[{"embeddable":true,"href":"https:\/\/nvnoticias.mx\/index.php\/wp-json\/wp\/v2\/users\/35"}],"replies":[{"embeddable":true,"href":"https:\/\/nvnoticias.mx\/index.php\/wp-json\/wp\/v2\/comments?post=119419"}],"version-history":[{"count":1,"href":"https:\/\/nvnoticias.mx\/index.php\/wp-json\/wp\/v2\/posts\/119419\/revisions"}],"predecessor-version":[{"id":119421,"href":"https:\/\/nvnoticias.mx\/index.php\/wp-json\/wp\/v2\/posts\/119419\/revisions\/119421"}],"wp:featuredmedia":[{"embeddable":true,"href":"https:\/\/nvnoticias.mx\/index.php\/wp-json\/wp\/v2\/media\/119420"}],"wp:attachment":[{"href":"https:\/\/nvnoticias.mx\/index.php\/wp-json\/wp\/v2\/media?parent=119419"}],"wp:term":[{"taxonomy":"category","embeddable":true,"href":"https:\/\/nvnoticias.mx\/index.php\/wp-json\/wp\/v2\/categories?post=119419"},{"taxonomy":"post_tag","embeddable":true,"href":"https:\/\/nvnoticias.mx\/index.php\/wp-json\/wp\/v2\/tags?post=119419"}],"curies":[{"name":"wp","href":"https:\/\/api.w.org\/{rel}","templated":true}]}}