{"id":11929,"date":"2021-04-27T09:59:49","date_gmt":"2021-04-27T14:59:49","guid":{"rendered":"https:\/\/nvnoticias.mx\/?p=11929"},"modified":"2021-04-27T09:59:51","modified_gmt":"2021-04-27T14:59:51","slug":"a-que-juegan","status":"publish","type":"post","link":"https:\/\/nvnoticias.mx\/index.php\/2021\/04\/27\/a-que-juegan\/","title":{"rendered":"\u00bfA que juegan?\u2026"},"content":{"rendered":"\n<p class=\"has-text-align-right\"><strong>Julio Ricardo Blanchet Cruz<\/strong><\/p>\n\n\n\n<p class=\"has-text-align-right\"><a rel=\"noreferrer noopener\" href=\"mailto:diariolibertad@gmail.com\" target=\"_blank\">diariolibertad@gmail.com<\/a><\/p>\n\n\n\n<p>Si bien los jueces deben ser imparciales, el principio juarista de aplicar la justicia a secas, para unos; y otra indulgente para los amigos -y los c\u00f3mplices, cabria agregar- es en s\u00ed violatoria del m\u00e1s elemental principio del Derecho, que establece la igualdad para todos\u2026<\/p>\n\n\n\n<p>Es noticia de que multaron al Primer Ministro de Tailandia por no usar el cubrebocas y tuvo que pagar unos 650 d\u00f3lares.&nbsp; Que el cubrebocas es una estupidez, es cierto, pero la Ley es la Ley\u2026<\/p>\n\n\n\n<p>No obstante, hasta qu\u00e9 punto puede ser imparcial un juez, cuando una de las partes le est\u00e1 denostando un d\u00eda s\u00ed y otro tambi\u00e9n, declarando a los cuatro vientos que los Ministros de la Suprema Corte de Justicia de la Naci\u00f3n apoyan al r\u00e9gimen de corrupci\u00f3n\u2026<\/p>\n\n\n\n<p>Y que adem\u00e1s, que quien se los dice carece de la calidad moral del derecho de hablar de corrupci\u00f3n, cuando el asuntito de su hermano\u00a0P\u00edo\u00a0es una verg\u00fcenza que le dio la vuelta al mundo; pero \u201ccuriosamente\u201d los honorables medios ya no tocan el tema; y \u00e9l sigue diciendo que no son iguales\u2026<\/p>\n\n\n\n<p>Esta semana M\u00e9xico va a aportar al cambio de Era tres asuntos que seguramente ser\u00e1n trascendentes.\u00a0 Desde luego el caso de\u00a0F\u00e9lix Salgado Macedonio, quien si pierde definitivamente la posibilidad de competir por la gubernatura de Guerrero; respaldado por ya saben qui\u00e9n, no quedar\u00e1 conforme.\u00a0 Y como est\u00e1 medio lococh\u00f3n, no se sabe hasta d\u00f3nde llegar\u00e1 o qu\u00e9 har\u00e1\u2026<\/p>\n\n\n\n<p>Pero si por fin es aceptada su candidatura, el TEPJF y quien lo maneja, cometer\u00e1n el delito de perjurio -que en M\u00e9xico se castiga con penas de prisi\u00f3n de seis meses a dos a\u00f1os y multa- al haber jurado cumplir y hacer cumplir la Constituci\u00f3n\u2026<\/p>\n\n\n\n<p>Y aunque nadie se vaya a atrever a arrestarlos o entregarles la multa, el descr\u00e9dito no se lo podr\u00e1n quitar y gane quien gane, l\u00f3gicamente habr\u00e1 protestas\u2026<\/p>\n\n\n\n<p>El segundo asunto, es el de Francisco\u00a0Garc\u00eda Cabeza de Vaca,\u00a0el Gobernador de Tamaulipas y el desafuero que, de darse, como se supone que suceder\u00e1, enfrentar\u00e1 al Estado con la Federaci\u00f3n\u2026<\/p>\n\n\n\n<p>Y aunque no todos los gobernadores federalistas le brindaron su apoyo cuando sali\u00f3 a relucir su nombre en las investigaciones ligadas al dinero sospechoso; es posible que el tema del rompimiento del Pacto Federal vuelva a sonar\u2026<\/p>\n\n\n\n<p>Y en este cambio de Era son muchos los tamaulipecos que preferir\u00e1n vivir bajo las Leyes yanquis y dejar el M\u00e9xico convulso que ya estamos viviendo y que pinta para peor\u2026<\/p>\n\n\n\n<p>Y si Morena pierde la mayor\u00eda en la C\u00e1mara Baja; ya quiero escuchar al especialista en hablar de fraudes electorales y tronar en contra del INE\u2026<\/p>\n\n\n\n<p>Y por \u00faltimo, el tema del Ministro Presidente\u00a0Arturo Zald\u00edvar\u00a0y la extensi\u00f3n de su mandato.\u00a0 Que de ser aprobada por sus compa\u00f1eros, se habr\u00e1 oficializado lo que siempre hemos vivido\u2026<\/p>\n\n\n\n<p>Y si antes \u00e9ramos la Dictadura Perfecta, hoy, acorde a los tiempos podemos cambiar de nombre y ser calificados como la Dictadura descarada o imperfecta.&nbsp; O quiz\u00e1s simplemente se reconozca que no hay divisi\u00f3n de Poderes y que somos gobernados por un tirano desquiciado, es decir, que cumple ampliamente los requisitos para ser tirano\u2026<\/p>\n\n\n\n<p>En M\u00e9xico no existe el Estado de Derecho; y por ende tampoco la democracia.&nbsp; Y si algo podremos sacar de bueno de todo este caos -y lo que falta- es que hay que cambiar las cosas de manera radical\u2026<\/p>\n\n\n\n<p>Y la m\u00e1s importante -y por la que se debe empezar- es que as\u00ed como no se puede dejar la Justicia en manos de una sola persona; no se puede volver a dejar el Ejecutivo en manos de un solo individuo.&nbsp; Sea quien sea.<\/p>\n\n\n\n<p>Ya de salida\u2026<\/p>\n\n\n\n<p>En el plano local, me permito respetuosamente hacer una pregunta generalizada a los otros candidatos a la Alcald\u00eda de la Capital.\u00a0 Si hasta ustedes mismos saben que no van a ganar\u00a0\u00bfA que juegan?<\/p>\n\n\n\n<p>Y nos vemos ma\u00f1ana si el Sol me presta vida<\/p>\n","protected":false},"excerpt":{"rendered":"<p>Julio Ricardo Blanchet Cruz diariolibertad@gmail.com Si bien los jueces deben ser imparciales, el principio juarista de aplicar la justicia a secas, para unos; y otra indulgente para los amigos -y los c\u00f3mplices, cabria agregar- es en s\u00ed violatoria del m\u00e1s elemental principio del Derecho, que establece la igualdad para todos\u2026 Es noticia de que multaron [&hellip;]<\/p>\n","protected":false},"author":28,"featured_media":8624,"comment_status":"open","ping_status":"open","sticky":false,"template":"","format":"standard","meta":{"_monsterinsights_skip_tracking":false,"_monsterinsights_sitenote_active":false,"_monsterinsights_sitenote_note":"","_monsterinsights_sitenote_category":0,"footnotes":""},"categories":[244],"tags":[291],"class_list":["post-11929","post","type-post","status-publish","format-standard","has-post-thumbnail","hentry","category-opiniones-y-comentarios","tag-julio-ricardo-blanchet-cruz","wp-image-borders"],"amp_enabled":true,"_links":{"self":[{"href":"https:\/\/nvnoticias.mx\/index.php\/wp-json\/wp\/v2\/posts\/11929","targetHints":{"allow":["GET"]}}],"collection":[{"href":"https:\/\/nvnoticias.mx\/index.php\/wp-json\/wp\/v2\/posts"}],"about":[{"href":"https:\/\/nvnoticias.mx\/index.php\/wp-json\/wp\/v2\/types\/post"}],"author":[{"embeddable":true,"href":"https:\/\/nvnoticias.mx\/index.php\/wp-json\/wp\/v2\/users\/28"}],"replies":[{"embeddable":true,"href":"https:\/\/nvnoticias.mx\/index.php\/wp-json\/wp\/v2\/comments?post=11929"}],"version-history":[{"count":1,"href":"https:\/\/nvnoticias.mx\/index.php\/wp-json\/wp\/v2\/posts\/11929\/revisions"}],"predecessor-version":[{"id":11930,"href":"https:\/\/nvnoticias.mx\/index.php\/wp-json\/wp\/v2\/posts\/11929\/revisions\/11930"}],"wp:featuredmedia":[{"embeddable":true,"href":"https:\/\/nvnoticias.mx\/index.php\/wp-json\/wp\/v2\/media\/8624"}],"wp:attachment":[{"href":"https:\/\/nvnoticias.mx\/index.php\/wp-json\/wp\/v2\/media?parent=11929"}],"wp:term":[{"taxonomy":"category","embeddable":true,"href":"https:\/\/nvnoticias.mx\/index.php\/wp-json\/wp\/v2\/categories?post=11929"},{"taxonomy":"post_tag","embeddable":true,"href":"https:\/\/nvnoticias.mx\/index.php\/wp-json\/wp\/v2\/tags?post=11929"}],"curies":[{"name":"wp","href":"https:\/\/api.w.org\/{rel}","templated":true}]}}