{"id":11926,"date":"2021-04-27T09:48:33","date_gmt":"2021-04-27T14:48:33","guid":{"rendered":"https:\/\/nvnoticias.mx\/?p=11926"},"modified":"2021-04-27T09:48:35","modified_gmt":"2021-04-27T14:48:35","slug":"reforma-al-sistema-de-pensiones-recupera-enfoque-social-y-logra-primeros-beneficios-imss","status":"publish","type":"post","link":"https:\/\/nvnoticias.mx\/index.php\/2021\/04\/27\/reforma-al-sistema-de-pensiones-recupera-enfoque-social-y-logra-primeros-beneficios-imss\/","title":{"rendered":"Reforma al sistema de pensiones recupera enfoque social y logra primeros beneficios: IMSS"},"content":{"rendered":"\n<p>Las reformas a las leyes&nbsp;del Seguro Social y de los Sistemas de Ahorro para el Retiro empiezan a observar sus primeros beneficios: de enero a marzo de este a\u00f1o&nbsp;seis mil 284 personas accedieron a una pensi\u00f3n sin haber cotizado mil 250 semanas, y cinco mil 278 trabajadores alcanzaron una pensi\u00f3n garantizada superior a la que hubieran obtenido sin la reforma, indic\u00f3 el director general del Instituto Mexicano del Seguro Social (IMSS), Maestro Zo\u00e9 Robledo.<\/p>\n\n\n\n<p>Al participar en la inauguraci\u00f3n de la Semana de la Seguridad Social 2021 en el Senado de la Rep\u00fablica, se\u00f1al\u00f3 que las reformas aprobadas en diciembre pasado recuperan el enfoque social del sistema pensionario.<\/p>\n\n\n\n<p>Zo\u00e9 Robledo destac\u00f3 que estas reformas permiten el aumento en las contribuciones de los empleadores, el tope en las comisiones cobradas por las AFORE, el impulso de un esquema m\u00e1s flexible para la obtenci\u00f3n de una Pensi\u00f3n M\u00ednima Garantizada y la disminuci\u00f3n en las semanas de cotizaci\u00f3n.<\/p>\n\n\n\n<p>Detall\u00f3 que en 1997, cuando se cre\u00f3 el Sistema de Ahorro para el Retiro, se pens\u00f3 que el ahorro voluntario mejorar\u00eda el rendimiento de las inversiones y que disminuir\u00eda los costos del sistema.<\/p>\n\n\n\n<blockquote class=\"wp-block-quote is-layout-flow wp-block-quote-is-layout-flow\"><p><em>\u201cPero la realidad demostr\u00f3 ser otra: nunca bajaron las comisiones cobradas en el ahorro del trabajador, no se multiplicaron los recursos, ni se asegur\u00f3 una pensi\u00f3n mayor\u201d,<\/em> enfatiz\u00f3.<\/p><\/blockquote>\n\n\n\n<p>El director general del IMSS se\u00f1al\u00f3 que el sistema de seguridad social enfrenta desaf\u00edos, entre ellos, el subregistro y la subcontrataci\u00f3n, porque afecta las condiciones de las y los trabajadores, la competitividad de empresas y las finanzas del Seguro Social.<\/p>\n\n\n\n<blockquote class=\"wp-block-quote is-layout-flow wp-block-quote-is-layout-flow\"><p><em>\u201cQuiero reconocer, de verdad, esa reforma que aprobaron hace algunos d\u00edas en esta C\u00e1mara y que busca, precisamente, eliminar las pr\u00e1cticas que da\u00f1an derechos laborales y que evitan la evasi\u00f3n de impuestos y la defraudaci\u00f3n fiscal\u201d<\/em>, agreg\u00f3.<\/p><\/blockquote>\n\n\n\n<p>Se\u00f1al\u00f3 que otro tema es la incorporaci\u00f3n de trabajadores independientes que representan el 23 por ciento de la poblaci\u00f3n ocupada; de 1997 a la fecha s\u00f3lo 220 mil trabajadores se han incorporado al IMSS, \u201cera una simulaci\u00f3n, una puerta falsa que abr\u00eda supuestamente el Seguro Social, ahora hay que construirla y plantearla de verdad\u201d.<\/p>\n\n\n\n<p>Zo\u00e9 Robledo agradeci\u00f3 la presencia del consejero t\u00e9cnico del IMSS, Jos\u00e9 Luis Carazo Preciado, y record\u00f3 que el 26 de agosto del 2020 el H. Consejo T\u00e9cnico del Instituto aprob\u00f3 las Reglas de la Prueba Piloto del esquema simplificado para la incorporaci\u00f3n voluntaria al R\u00e9gimen Obligatorio del Seguro Social de personas trabajadoras independientes, a fin de que puedan acceder a los beneficios que ofrece el Instituto.<\/p>\n\n\n\n<p>Destac\u00f3 la trascendencia de mantener la conversaci\u00f3n abierta en el Poder Legislativo para conseguir estos cambios y que en la actual Legislatura lo m\u00e1s importante es el seguimiento en la implementaci\u00f3n de lo que se modifica y reforma.<\/p>\n","protected":false},"excerpt":{"rendered":"<p>Las reformas a las leyes&nbsp;del Seguro Social y de los Sistemas de Ahorro para el Retiro empiezan a observar sus primeros beneficios: de enero a marzo de este a\u00f1o&nbsp;seis mil 284 personas accedieron a una pensi\u00f3n sin haber cotizado mil 250 semanas, y cinco mil 278 trabajadores alcanzaron una pensi\u00f3n garantizada superior a la que [&hellip;]<\/p>\n","protected":false},"author":6,"featured_media":11927,"comment_status":"open","ping_status":"open","sticky":false,"template":"","format":"standard","meta":{"_monsterinsights_skip_tracking":false,"_monsterinsights_sitenote_active":false,"_monsterinsights_sitenote_note":"","_monsterinsights_sitenote_category":0,"footnotes":""},"categories":[157],"tags":[3270,365,3269],"class_list":["post-11926","post","type-post","status-publish","format-standard","has-post-thumbnail","hentry","category-nacional","tag-beneficios","tag-imss","tag-reforma-sistema-de-pensiones","wp-image-borders"],"amp_enabled":true,"_links":{"self":[{"href":"https:\/\/nvnoticias.mx\/index.php\/wp-json\/wp\/v2\/posts\/11926","targetHints":{"allow":["GET"]}}],"collection":[{"href":"https:\/\/nvnoticias.mx\/index.php\/wp-json\/wp\/v2\/posts"}],"about":[{"href":"https:\/\/nvnoticias.mx\/index.php\/wp-json\/wp\/v2\/types\/post"}],"author":[{"embeddable":true,"href":"https:\/\/nvnoticias.mx\/index.php\/wp-json\/wp\/v2\/users\/6"}],"replies":[{"embeddable":true,"href":"https:\/\/nvnoticias.mx\/index.php\/wp-json\/wp\/v2\/comments?post=11926"}],"version-history":[{"count":1,"href":"https:\/\/nvnoticias.mx\/index.php\/wp-json\/wp\/v2\/posts\/11926\/revisions"}],"predecessor-version":[{"id":11928,"href":"https:\/\/nvnoticias.mx\/index.php\/wp-json\/wp\/v2\/posts\/11926\/revisions\/11928"}],"wp:featuredmedia":[{"embeddable":true,"href":"https:\/\/nvnoticias.mx\/index.php\/wp-json\/wp\/v2\/media\/11927"}],"wp:attachment":[{"href":"https:\/\/nvnoticias.mx\/index.php\/wp-json\/wp\/v2\/media?parent=11926"}],"wp:term":[{"taxonomy":"category","embeddable":true,"href":"https:\/\/nvnoticias.mx\/index.php\/wp-json\/wp\/v2\/categories?post=11926"},{"taxonomy":"post_tag","embeddable":true,"href":"https:\/\/nvnoticias.mx\/index.php\/wp-json\/wp\/v2\/tags?post=11926"}],"curies":[{"name":"wp","href":"https:\/\/api.w.org\/{rel}","templated":true}]}}