{"id":119092,"date":"2023-08-31T16:19:33","date_gmt":"2023-08-31T21:19:33","guid":{"rendered":"https:\/\/nvnoticias.mx\/?p=119092"},"modified":"2023-08-31T16:19:34","modified_gmt":"2023-08-31T21:19:34","slug":"mexico-no-cedera-en-batalla-legal-contra-trafico-de-armas-alicia-barcena","status":"publish","type":"post","link":"https:\/\/nvnoticias.mx\/index.php\/2023\/08\/31\/mexico-no-cedera-en-batalla-legal-contra-trafico-de-armas-alicia-barcena\/","title":{"rendered":"M\u00e9xico no ceder\u00e1 en batalla legal contra tr\u00e1fico de armas: Alicia B\u00e1rcena"},"content":{"rendered":"\n<p>La secretaria de\u00a0<strong>Relaciones Exteriores, Alicia B\u00e1rcena,\u00a0<\/strong>anunci\u00f3 que como parte de las prioridades de la Canciller\u00eda para el \u00faltimo a\u00f1o de gobierno de esta administraci\u00f3n, continuar\u00e1 la\u00a0<strong>batalla legal\u00a0<\/strong>contra el\u00a0<strong>tr\u00e1fico de armas<\/strong>\u00a0de\u00a0<strong>Estados Unidos<\/strong>\u00a0hacia M\u00e9xico, porque reconoci\u00f3 que mientras no se tenga un control sobre ellas \u201cno vamos a poder avanzar\u201d.<\/p>\n\n\n\n<p>Al participar en el XI Reuni\u00f3n Plenaria del Grupo Parlamentario de Morena en el Senado, la titular de la Secretar\u00eda de Relaciones Exteriores (SER) inform\u00f3 por otra parte que de enero de 2022 a la fecha casi 824 mil personas han cruzado legalmente a Estados Unidos.<\/p>\n\n\n\n<p>Adem\u00e1s, anunci\u00f3 que el gobierno de M\u00e9xico presentar\u00e1 un \u201cAmicus Curiae\u201d para acompa\u00f1ar a las comunidades mexicanas a fin de que se suspenda la ley antiinmigrante SB1718, promulgada por el gobernador republicano de Florida, Ron DeSantis, que restringe el acceso de los indocumentados a empleos, carnets de identidad, servicios de salud y transporte y vigente desde julio pasado.<\/p>\n\n\n\n<p><\/p>\n\n\n\n<p>Dijo que en el caso de las boyas colocados por el gobierno de Texas en el R\u00edo Bravo, \u201clo que queremos es que las remuevan, eso definitivamente y ah\u00ed lo que hemos hecho, en primer lugar el gobernador Abbott ya las tuvo que mover para su lado\u201d.<\/p>\n\n\n\n<blockquote class=\"wp-block-quote is-layout-flow wp-block-quote-is-layout-flow\"><p>\u201cFue un acto estatal que viola un tratado internacional, de L\u00edmites y Aguas y estamos en la lucha\u201d, subray\u00f3.<\/p><\/blockquote>\n\n\n\n<p>Sobre el tr\u00e1fico ilegal de armamento, Alicia Barcena puntualiz\u00f3 que \u201chemos estado participando en los litigios que el gobierno de M\u00e9xico ha emprendido contra el comercio negligente de armas\u201d.<\/p>\n\n\n\n<p>Dijo que hay juicios en proceso, en Massachusetts y otro en Arizona, que son \u201cmuy importantes que van generando precedentes muy importantes\u201d.<\/p>\n\n\n\n<p>Fuente: <a href=\"https:\/\/www.eluniversal.com.mx\/nacion\/mexico-no-cedera-en-batalla-legal-contra-trafico-de-armas-alicia-barcena\/\" data-type=\"URL\" data-id=\"https:\/\/www.eluniversal.com.mx\/nacion\/mexico-no-cedera-en-batalla-legal-contra-trafico-de-armas-alicia-barcena\/\">El Universal<\/a> <\/p>\n","protected":false},"excerpt":{"rendered":"<p>La secretaria de\u00a0Relaciones Exteriores, Alicia B\u00e1rcena,\u00a0anunci\u00f3 que como parte de las prioridades de la Canciller\u00eda para el \u00faltimo a\u00f1o de gobierno de esta administraci\u00f3n, continuar\u00e1 la\u00a0batalla legal\u00a0contra el\u00a0tr\u00e1fico de armas\u00a0de\u00a0Estados Unidos\u00a0hacia M\u00e9xico, porque reconoci\u00f3 que mientras no se tenga un control sobre ellas \u201cno vamos a poder avanzar\u201d. Al participar en el XI Reuni\u00f3n Plenaria [&hellip;]<\/p>\n","protected":false},"author":35,"featured_media":45063,"comment_status":"open","ping_status":"open","sticky":false,"template":"","format":"standard","meta":{"_monsterinsights_skip_tracking":false,"_monsterinsights_sitenote_active":false,"_monsterinsights_sitenote_note":"","_monsterinsights_sitenote_category":0,"footnotes":""},"categories":[157],"tags":[12723,27004,183,292,5384],"class_list":["post-119092","post","type-post","status-publish","format-standard","has-post-thumbnail","hentry","category-nacional","tag-alicia-barcena","tag-batalla-legal","tag-estados-unidos","tag-mexico","tag-trafico-de-armas","wp-image-borders"],"amp_enabled":true,"_links":{"self":[{"href":"https:\/\/nvnoticias.mx\/index.php\/wp-json\/wp\/v2\/posts\/119092","targetHints":{"allow":["GET"]}}],"collection":[{"href":"https:\/\/nvnoticias.mx\/index.php\/wp-json\/wp\/v2\/posts"}],"about":[{"href":"https:\/\/nvnoticias.mx\/index.php\/wp-json\/wp\/v2\/types\/post"}],"author":[{"embeddable":true,"href":"https:\/\/nvnoticias.mx\/index.php\/wp-json\/wp\/v2\/users\/35"}],"replies":[{"embeddable":true,"href":"https:\/\/nvnoticias.mx\/index.php\/wp-json\/wp\/v2\/comments?post=119092"}],"version-history":[{"count":3,"href":"https:\/\/nvnoticias.mx\/index.php\/wp-json\/wp\/v2\/posts\/119092\/revisions"}],"predecessor-version":[{"id":119096,"href":"https:\/\/nvnoticias.mx\/index.php\/wp-json\/wp\/v2\/posts\/119092\/revisions\/119096"}],"wp:featuredmedia":[{"embeddable":true,"href":"https:\/\/nvnoticias.mx\/index.php\/wp-json\/wp\/v2\/media\/45063"}],"wp:attachment":[{"href":"https:\/\/nvnoticias.mx\/index.php\/wp-json\/wp\/v2\/media?parent=119092"}],"wp:term":[{"taxonomy":"category","embeddable":true,"href":"https:\/\/nvnoticias.mx\/index.php\/wp-json\/wp\/v2\/categories?post=119092"},{"taxonomy":"post_tag","embeddable":true,"href":"https:\/\/nvnoticias.mx\/index.php\/wp-json\/wp\/v2\/tags?post=119092"}],"curies":[{"name":"wp","href":"https:\/\/api.w.org\/{rel}","templated":true}]}}