{"id":119061,"date":"2023-08-31T14:48:21","date_gmt":"2023-08-31T19:48:21","guid":{"rendered":"https:\/\/nvnoticias.mx\/?p=119061"},"modified":"2023-08-31T14:48:23","modified_gmt":"2023-08-31T19:48:23","slug":"quitan-amparo-a-garcia-cabeza-de-vaca-y-reactivan-orden-de-aprehension","status":"publish","type":"post","link":"https:\/\/nvnoticias.mx\/index.php\/2023\/08\/31\/quitan-amparo-a-garcia-cabeza-de-vaca-y-reactivan-orden-de-aprehension\/","title":{"rendered":"Quitan amparo a Garc\u00eda Cabeza de Vaca y reactivan orden de aprehensi\u00f3n"},"content":{"rendered":"\n<p>El Primer Tribunal Colegiado de\u00a0Tamaulipas,\u00a0dej\u00f3 sin efecto la sentencia sobre la captura del ex gobernador de Tamaulipas,\u00a0<strong>Francisco Javier Garc\u00eda Cabeza de Vaca<\/strong>por su probable responsabilidad en los delitos de delincuencia organizada y operaciones con\u00a0<strong>recursos de procedencia il\u00edcita.<\/strong><\/p>\n\n\n\n<p>El Primer Tribunal, bajo la ponencia del Magistrado Mauricio Fern\u00e1ndez De la Mora, revoc\u00f3 el fallo de febrero de este a\u00f1o dictada por el juez Octavo de Distrito en Tamaulipas, a quien se solicit\u00f3 reponer el procedimiento, ya que el juzgador no emplaz\u00f3 al agente del Ministerio P\u00fablico (MP) para conocer el caso.<\/p>\n\n\n\n<p>De acuerdo a la Fiscal\u00eda General de la Rep\u00fablica (FGR) con esta nueva sentencia, deber\u00e1 reponerse el aludido juicio de amparo, manteni\u00e9ndose vigente la orden de aprehensi\u00f3n en contra del ex gobernador .<\/p>\n\n\n\n<p>Este mi\u00e9rcoles la defensa de Garc\u00eda Cabeza de Vaca inform\u00f3 que el 27 de febrero de 2023, un juez de Distrito en Materia de Amparo otorg\u00f3 el Amparo y Protecci\u00f3n de la Justicia Federal a su cliente determinando la inexistencia de delito.<\/p>\n\n\n\n<p>Indic\u00f3 que en contra de la resoluci\u00f3n, el Agente del Ministerio P\u00fablico Federal adscrito a la Fiscal\u00eda Especializada en Materia de Delincuencia Organizada interpuso recurso de revisi\u00f3n.<\/p>\n\n\n\n<p>Detall\u00f3 que el 17 de agosto, al resolver dicho recurso de revisi\u00f3n en sesi\u00f3n p\u00fablica, los Magistrados del Tribunal Colegiado determinaron que exist\u00eda una formalidad adicional en el procedimiento que debi\u00f3 cumplir el juez de Distrito antes de resolver el fondo del asunto<\/p>\n\n\n\n<blockquote class=\"wp-block-quote is-layout-flow wp-block-quote-is-layout-flow\"><p>\u201cEsto significa que, una vez cumplida dicha formalidad &#8211; que consiste en la notificaci\u00f3n al Ministerio P\u00fablico Federal -, el juez de distrito resolver\u00e1, de nueva cuenta, sobre el fondo del asunto.<\/p><\/blockquote>\n\n\n\n<blockquote class=\"wp-block-quote is-layout-flow wp-block-quote-is-layout-flow\"><p>\u201cExisten diversas determinaciones por parte de autoridades jurisdiccionales que han determinado que nuestro cliente no ha cometido delito alguno\u201d, refiri\u00f3 el despacho.<\/p><\/blockquote>\n\n\n\n<p>Fuente:  <a href=\"https:\/\/www.eluniversal.com.mx\/nacion\/quitan-amparo-a-cabeza-de-vaca-y-reactivan-orden-de-aprehension\/\" data-type=\"URL\" data-id=\"https:\/\/www.eluniversal.com.mx\/nacion\/quitan-amparo-a-cabeza-de-vaca-y-reactivan-orden-de-aprehension\/\">El Universal<\/a> <\/p>\n","protected":false},"excerpt":{"rendered":"<p>El Primer Tribunal Colegiado de\u00a0Tamaulipas,\u00a0dej\u00f3 sin efecto la sentencia sobre la captura del ex gobernador de Tamaulipas,\u00a0Francisco Javier Garc\u00eda Cabeza de Vacapor su probable responsabilidad en los delitos de delincuencia organizada y operaciones con\u00a0recursos de procedencia il\u00edcita. El Primer Tribunal, bajo la ponencia del Magistrado Mauricio Fern\u00e1ndez De la Mora, revoc\u00f3 el fallo de febrero [&hellip;]<\/p>\n","protected":false},"author":35,"featured_media":78463,"comment_status":"open","ping_status":"open","sticky":false,"template":"","format":"standard","meta":{"_monsterinsights_skip_tracking":false,"_monsterinsights_sitenote_active":false,"_monsterinsights_sitenote_note":"","_monsterinsights_sitenote_category":0,"footnotes":""},"categories":[158],"tags":[1547,3837,4559,162,22350,27003],"class_list":["post-119061","post","type-post","status-publish","format-standard","has-post-thumbnail","hentry","category-politica","tag-amparo","tag-aprehension","tag-garcia-cabeza-de-vaca","tag-portada","tag-quitan","tag-reactivan","wp-image-borders"],"amp_enabled":true,"_links":{"self":[{"href":"https:\/\/nvnoticias.mx\/index.php\/wp-json\/wp\/v2\/posts\/119061","targetHints":{"allow":["GET"]}}],"collection":[{"href":"https:\/\/nvnoticias.mx\/index.php\/wp-json\/wp\/v2\/posts"}],"about":[{"href":"https:\/\/nvnoticias.mx\/index.php\/wp-json\/wp\/v2\/types\/post"}],"author":[{"embeddable":true,"href":"https:\/\/nvnoticias.mx\/index.php\/wp-json\/wp\/v2\/users\/35"}],"replies":[{"embeddable":true,"href":"https:\/\/nvnoticias.mx\/index.php\/wp-json\/wp\/v2\/comments?post=119061"}],"version-history":[{"count":3,"href":"https:\/\/nvnoticias.mx\/index.php\/wp-json\/wp\/v2\/posts\/119061\/revisions"}],"predecessor-version":[{"id":119064,"href":"https:\/\/nvnoticias.mx\/index.php\/wp-json\/wp\/v2\/posts\/119061\/revisions\/119064"}],"wp:featuredmedia":[{"embeddable":true,"href":"https:\/\/nvnoticias.mx\/index.php\/wp-json\/wp\/v2\/media\/78463"}],"wp:attachment":[{"href":"https:\/\/nvnoticias.mx\/index.php\/wp-json\/wp\/v2\/media?parent=119061"}],"wp:term":[{"taxonomy":"category","embeddable":true,"href":"https:\/\/nvnoticias.mx\/index.php\/wp-json\/wp\/v2\/categories?post=119061"},{"taxonomy":"post_tag","embeddable":true,"href":"https:\/\/nvnoticias.mx\/index.php\/wp-json\/wp\/v2\/tags?post=119061"}],"curies":[{"name":"wp","href":"https:\/\/api.w.org\/{rel}","templated":true}]}}