{"id":118836,"date":"2023-08-29T20:48:46","date_gmt":"2023-08-30T01:48:46","guid":{"rendered":"https:\/\/nvnoticias.mx\/?p=118836"},"modified":"2023-08-29T20:48:48","modified_gmt":"2023-08-30T01:48:48","slug":"esta-fue-la-primera-convocatoria-de-la-seleccion-mexicana-de-jaime-lozano","status":"publish","type":"post","link":"https:\/\/nvnoticias.mx\/index.php\/2023\/08\/29\/esta-fue-la-primera-convocatoria-de-la-seleccion-mexicana-de-jaime-lozano\/","title":{"rendered":"Esta fue la primera convocatoria de la Selecci\u00f3n Mexicana de Jaime Lozano"},"content":{"rendered":"\n<p>La\u00a0Selecci\u00f3n Mexicana\u00a0ya dio a conocer la lista de los jugadores convocados por\u00a0Jaime Lozano\u00a0para los partidos amistosos de septiembre, donde destaca el regreso de\u00a0H\u00e9ctor Herrera, Ra\u00fal Jim\u00e9nez\u00a0y el llamado de\u00a0C\u00e9sar Huerta.<\/p>\n\n\n\n<p>La era de Jaime Lozano al frente del Tricolor ha comenzado y tras acudir a varios partidos de la Liga MX ya decidi\u00f3 a los elementos con los que vivir\u00e1 su primeros encuentro como t\u00e9cnico oficial de M\u00e9xico.<\/p>\n\n\n\n<p>Se confirm\u00f3 el rumor que hab\u00eda sido criticado en el medio deportivo, se trata del regreso de\u00a0H\u00e9ctor Herrera.<\/p>\n\n\n\n<p>Ra\u00fal Jim\u00e9nez, tambi\u00e9n est\u00e1 de vuelta luego de su ausencia en la Copa Oro.<\/p>\n\n\n\n<p>Los nombres de C\u00e9sar Huerta y Jordi Cortizo son parte de las sorpresas por parte del Jimmy, ambos jugadores pasan por un gran momento con Pumas y Rayados, respectivamente.<\/p>\n\n\n\n<p>Lozano de igual forma recurri\u00f3 a elementos con experiencia como\u00a0Guillermo Ochoa, Edson \u00c1lvarez, Jes\u00fas Gallardo.<\/p>\n\n\n\n<p><strong>Convocatoria de Jaime Lozano para enfrentar a Australia y Uzbekist\u00e1n<\/strong><\/p>\n\n\n\n<ul class=\"wp-block-list\"><li>Guillermo Ochoa \u2013 Salernitana<\/li><li>\u00c1ngel Malag\u00f3n \u2013 Am\u00e9rica<\/li><li>Antonio Rodr\u00edguez \u2013 Xolos<\/li><li>Kevin \u00c1lvarez \u2013 Am\u00e9rica<\/li><li>Gilberto Sep\u00falveda \u2013 Chivas<\/li><li>Jes\u00fas Orozco \u2013 Chivas<\/li><li>Jes\u00fas Gallardo \u2013 Monterrey<\/li><li>Johan V\u00e1squez \u2013 Genoa<\/li><li>Juli\u00e1n Araujo \u2013 Las Palmas<\/li><li>Edson \u00c1lvarez \u2013 Westham<\/li><li>Jes\u00fas Angulo \u2013 Tigres<\/li><li>Carlos Rodr\u00edguez \u2013 Cruz Azul<\/li><li>H\u00e9ctor Herrera \u2013 Houston Dynamo<\/li><li>Luis Romo \u2013 Monterrey<\/li><li>Erick S\u00e1nchez \u2013 Pachuca<\/li><li>Orbel\u00edn Pineda \u2013 AEK Atenas<\/li><li>Jordi Cortizo \u2013 Monterrey<\/li><li>Sebasti\u00e1n C\u00f3rdova \u2013 Tigres<\/li><li>Uriel Antuna \u2013 Cruz Azul<\/li><li>Roberto Alvarado \u2013 Chivas<\/li><li>Santiago Gim\u00e9nez \u2013 Feyenoord<\/li><li>C\u00e9sar Huerta \u2013 Pumas<\/li><li>Ra\u00fal Jim\u00e9nez \u2013 Fulham<\/li><li>Alexis Vega &#8211; Chivas<\/li><\/ul>\n\n\n\n<h4 class=\"wp-block-heading\">\u00bfCu\u00e1ndo y d\u00f3nde son los pr\u00f3ximos partidos de la Selecci\u00f3n Mexicana?<\/h4>\n\n\n\n<h4 class=\"wp-block-heading\">S\u00e1bado 9 de septiembre<\/h4>\n\n\n\n<ul class=\"wp-block-list\"><li>M\u00e9xico vs Australia<\/li><li>AT&amp;T Stadium<\/li><\/ul>\n\n\n\n<h4 class=\"wp-block-heading\">Martes 12 de septiembre<\/h4>\n\n\n\n<ul class=\"wp-block-list\"><li>M\u00e9xico vs Uzbekizt\u00e1n<\/li><li>Mercedes-Benz Stadium<\/li><\/ul>\n\n\n\n<figure class=\"wp-block-embed aligncenter is-type-rich is-provider-twitter wp-block-embed-twitter\"><div class=\"wp-block-embed__wrapper\">\n<blockquote class=\"twitter-tweet\" data-width=\"550\" data-dnt=\"true\"><p lang=\"es\" dir=\"ltr\">\u00a1LOTER\u00cdAAAAAA! ???????????? <br><br>\u00a1Esta es la primera convocatoria de <a href=\"https:\/\/twitter.com\/jaime_lozano_?ref_src=twsrc%5Etfw\">@jaime_lozano_<\/a>! <br><br>???? \u00a1S\u00ed, en este ????\ufe0f <a href=\"https:\/\/twitter.com\/hashtag\/VamosTodos?src=hash&amp;ref_src=twsrc%5Etfw\">#VamosTodos<\/a>!   <br><br>Gracias a los equipos de la Liga MX por ayudarnos a revelar la lista ???? <a href=\"https:\/\/t.co\/9XIJSX5ABv\">pic.twitter.com\/9XIJSX5ABv<\/a><\/p>&mdash; Selecci\u00f3n Nacional (@miseleccionmx) <a href=\"https:\/\/twitter.com\/miseleccionmx\/status\/1696677915511894115?ref_src=twsrc%5Etfw\">August 30, 2023<\/a><\/blockquote><script async src=\"https:\/\/platform.twitter.com\/widgets.js\" charset=\"utf-8\"><\/script>\n<\/div><\/figure>\n\n\n\n<p>Fuente: <a href=\"https:\/\/www.eluniversal.com.mx\/deportes\/seleccion-mexicana-conoce-la-primera-convocatoria-de-jaime-lozano\/\">El Universal<\/a><\/p>\n","protected":false},"excerpt":{"rendered":"<p>La\u00a0Selecci\u00f3n Mexicana\u00a0ya dio a conocer la lista de los jugadores convocados por\u00a0Jaime Lozano\u00a0para los partidos amistosos de septiembre, donde destaca el regreso de\u00a0H\u00e9ctor Herrera, Ra\u00fal Jim\u00e9nez\u00a0y el llamado de\u00a0C\u00e9sar Huerta. La era de Jaime Lozano al frente del Tricolor ha comenzado y tras acudir a varios partidos de la Liga MX ya decidi\u00f3 a los [&hellip;]<\/p>\n","protected":false},"author":8,"featured_media":118837,"comment_status":"open","ping_status":"open","sticky":false,"template":"","format":"standard","meta":{"_monsterinsights_skip_tracking":false,"_monsterinsights_sitenote_active":false,"_monsterinsights_sitenote_note":"","_monsterinsights_sitenote_category":0,"footnotes":""},"categories":[159],"tags":[20710,13825,2694],"class_list":["post-118836","post","type-post","status-publish","format-standard","has-post-thumbnail","hentry","category-deportes","tag-amistosos","tag-convocados","tag-seleccion-mexicana","wp-image-borders"],"amp_enabled":true,"_links":{"self":[{"href":"https:\/\/nvnoticias.mx\/index.php\/wp-json\/wp\/v2\/posts\/118836","targetHints":{"allow":["GET"]}}],"collection":[{"href":"https:\/\/nvnoticias.mx\/index.php\/wp-json\/wp\/v2\/posts"}],"about":[{"href":"https:\/\/nvnoticias.mx\/index.php\/wp-json\/wp\/v2\/types\/post"}],"author":[{"embeddable":true,"href":"https:\/\/nvnoticias.mx\/index.php\/wp-json\/wp\/v2\/users\/8"}],"replies":[{"embeddable":true,"href":"https:\/\/nvnoticias.mx\/index.php\/wp-json\/wp\/v2\/comments?post=118836"}],"version-history":[{"count":1,"href":"https:\/\/nvnoticias.mx\/index.php\/wp-json\/wp\/v2\/posts\/118836\/revisions"}],"predecessor-version":[{"id":118838,"href":"https:\/\/nvnoticias.mx\/index.php\/wp-json\/wp\/v2\/posts\/118836\/revisions\/118838"}],"wp:featuredmedia":[{"embeddable":true,"href":"https:\/\/nvnoticias.mx\/index.php\/wp-json\/wp\/v2\/media\/118837"}],"wp:attachment":[{"href":"https:\/\/nvnoticias.mx\/index.php\/wp-json\/wp\/v2\/media?parent=118836"}],"wp:term":[{"taxonomy":"category","embeddable":true,"href":"https:\/\/nvnoticias.mx\/index.php\/wp-json\/wp\/v2\/categories?post=118836"},{"taxonomy":"post_tag","embeddable":true,"href":"https:\/\/nvnoticias.mx\/index.php\/wp-json\/wp\/v2\/tags?post=118836"}],"curies":[{"name":"wp","href":"https:\/\/api.w.org\/{rel}","templated":true}]}}