{"id":118773,"date":"2023-08-29T13:48:36","date_gmt":"2023-08-29T18:48:36","guid":{"rendered":"https:\/\/nvnoticias.mx\/?p=118773"},"modified":"2023-08-29T13:48:37","modified_gmt":"2023-08-29T18:48:37","slug":"exigen-destitucion-de-maestra-de-la-escuela-telesecundaria-justo-sierra","status":"publish","type":"post","link":"https:\/\/nvnoticias.mx\/index.php\/2023\/08\/29\/exigen-destitucion-de-maestra-de-la-escuela-telesecundaria-justo-sierra\/","title":{"rendered":"Exigen destituci\u00f3n de maestra de la escuela Telesecundaria Justo Sierra"},"content":{"rendered":"\n<p><strong>Jes\u00fas Utrilla \/ NV Noticias <\/strong><\/p>\n\n\n\n<p>Padres de Familia tomaron las instalaciones de la escuela Telesecundaria Justo Sierra, en la colonia Las Granjas, para exigir la destituci\u00f3n de la maestra Sonia Edith Portugal Morales.<\/p>\n\n\n\n<p>La acusaron de presuntamente maltratar f\u00edsica y psicol\u00f3gicamente a los alumnos. Uno de los padres acus\u00f3 que ninguna autoridad estatal act\u00faa, ya que supuestamente la maestra es familiar de un alto funcionario del gobierno estatal.<\/p>\n\n\n\n<blockquote class=\"wp-block-quote is-layout-flow wp-block-quote-is-layout-flow\"><p><em>&#8220;Ahorita tal vez agredi\u00f3 a 5 u 8 pero para que esperar lo siguientes padres de familia que haga actos iguales con los ni\u00f1os, hay que actuar antes y siempre en M\u00e9xico se act\u00faa despu\u00e9s, siempre hay que buscarlos en lugar de cuidar a los ni\u00f1os, en el segundo d\u00eda de clases y ya se est\u00e1 haciendo esto&#8221;.<\/em><\/p><\/blockquote>\n\n\n\n<p>Insisti\u00f3 en que ni la delegaci\u00f3n de la Secretar\u00eda de Educaci\u00f3n de Veracruz, ni supervisi\u00f3n escolar act\u00faan al respecto, pese a que tiene conocimiento de los maltratos que realiza la maestra.<\/p>\n\n\n\n<blockquote class=\"wp-block-quote is-layout-flow wp-block-quote-is-layout-flow\"><p><em>&#8220;Dijo que \u00e9ramos gente baja y revoltosa, es una persona que tiene problemas de ira, yo no quiero que este con mi hija porque no le ense\u00f1ar\u00e1 nada, tenemos una joven a la que le llamo prostituta y otra j\u00f3venes le dijo igual prostituta, nosotros no queremos esa maestra para mi hija&#8221;.<\/em><\/p><\/blockquote>\n\n\n\n<p>Los padres de familia advirtieron que la escuela no abrir\u00e1 hasta que act\u00faen ente su petici\u00f3n.<\/p>\n","protected":false},"excerpt":{"rendered":"<p>Jes\u00fas Utrilla \/ NV Noticias Padres de Familia tomaron las instalaciones de la escuela Telesecundaria Justo Sierra, en la colonia Las Granjas, para exigir la destituci\u00f3n de la maestra Sonia Edith Portugal Morales. La acusaron de presuntamente maltratar f\u00edsica y psicol\u00f3gicamente a los alumnos. Uno de los padres acus\u00f3 que ninguna autoridad estatal act\u00faa, ya [&hellip;]<\/p>\n","protected":false},"author":8,"featured_media":118776,"comment_status":"open","ping_status":"open","sticky":false,"template":"","format":"standard","meta":{"_monsterinsights_skip_tracking":false,"_monsterinsights_sitenote_active":false,"_monsterinsights_sitenote_note":"","_monsterinsights_sitenote_category":0,"footnotes":""},"categories":[154],"tags":[503,26959],"class_list":["post-118773","post","type-post","status-publish","format-standard","has-post-thumbnail","hentry","category-veracruz","tag-manifestacion","tag-telesecundaria-justo-sierra","wp-image-borders"],"amp_enabled":true,"_links":{"self":[{"href":"https:\/\/nvnoticias.mx\/index.php\/wp-json\/wp\/v2\/posts\/118773","targetHints":{"allow":["GET"]}}],"collection":[{"href":"https:\/\/nvnoticias.mx\/index.php\/wp-json\/wp\/v2\/posts"}],"about":[{"href":"https:\/\/nvnoticias.mx\/index.php\/wp-json\/wp\/v2\/types\/post"}],"author":[{"embeddable":true,"href":"https:\/\/nvnoticias.mx\/index.php\/wp-json\/wp\/v2\/users\/8"}],"replies":[{"embeddable":true,"href":"https:\/\/nvnoticias.mx\/index.php\/wp-json\/wp\/v2\/comments?post=118773"}],"version-history":[{"count":1,"href":"https:\/\/nvnoticias.mx\/index.php\/wp-json\/wp\/v2\/posts\/118773\/revisions"}],"predecessor-version":[{"id":118777,"href":"https:\/\/nvnoticias.mx\/index.php\/wp-json\/wp\/v2\/posts\/118773\/revisions\/118777"}],"wp:featuredmedia":[{"embeddable":true,"href":"https:\/\/nvnoticias.mx\/index.php\/wp-json\/wp\/v2\/media\/118776"}],"wp:attachment":[{"href":"https:\/\/nvnoticias.mx\/index.php\/wp-json\/wp\/v2\/media?parent=118773"}],"wp:term":[{"taxonomy":"category","embeddable":true,"href":"https:\/\/nvnoticias.mx\/index.php\/wp-json\/wp\/v2\/categories?post=118773"},{"taxonomy":"post_tag","embeddable":true,"href":"https:\/\/nvnoticias.mx\/index.php\/wp-json\/wp\/v2\/tags?post=118773"}],"curies":[{"name":"wp","href":"https:\/\/api.w.org\/{rel}","templated":true}]}}