{"id":118720,"date":"2023-08-29T11:51:31","date_gmt":"2023-08-29T16:51:31","guid":{"rendered":"https:\/\/nvnoticias.mx\/?p=118720"},"modified":"2023-08-29T11:51:32","modified_gmt":"2023-08-29T16:51:32","slug":"designan-a-guadalupe-diaz-como-encargada-de-salud-en-veracruz","status":"publish","type":"post","link":"https:\/\/nvnoticias.mx\/index.php\/2023\/08\/29\/designan-a-guadalupe-diaz-como-encargada-de-salud-en-veracruz\/","title":{"rendered":"Designan a Guadalupe D\u00edaz como encargada de Salud en Veracruz"},"content":{"rendered":"\n<p><strong>Sam Ojeda | NV Noticias <\/strong><\/p>\n\n\n\n<p>Xalapa.- El gobernador Cuitl\u00e1huac Garc\u00eda Jim\u00e9nez design\u00f3 a Guadalupe D\u00edaz del Castillo Flores como encargada de despacho de la Secretar\u00eda de Salud.<\/p>\n\n\n\n<p>Esta decisi\u00f3n se da luego del fallecimiento del director de los Servicios de Salud de Veracruz, Gerardo D\u00edaz Morales, ocurrido durante este martes.<\/p>\n\n\n\n<p>Garc\u00eda Jim\u00e9nez dijo que la intenci\u00f3n es que se contin\u00fae con los trabajos que se ven\u00edan realizando bajo la supervisi\u00f3n de D\u00edaz Morales.<\/p>\n\n\n\n<blockquote class=\"wp-block-quote is-layout-flow wp-block-quote-is-layout-flow\"><p>\u201cAnte el lamentable fallecimiento del Dr. Gerardo D\u00edaz Morales, he decidi\u00f3 nombrar como encargada de Despacho de la Secretar\u00eda de Salud y de la Direcci\u00f3n General de Servicios de Salud a la Dra. Guadalupe D\u00edaz del Castillo Flores, para continuar con los trabajos que se ven\u00edan realizando desde esta dependencia\u201d, escribi\u00f3 en sus redes sociales.<\/p><\/blockquote>\n\n\n\n<p>D\u00edaz Morales falleci\u00f3 este martes tras ser internado en un hospital debido a una complicaci\u00f3n de una cirug\u00eda que se realiz\u00f3 en dais pasados.<\/p>\n\n\n\n<p>Hab\u00eda asumido el cargo de encargado de despacho de la Secretar\u00eda de Salud el 19 de mayo de 2022 tras la renuncia de Roberto Ramos Alor.<\/p>\n","protected":false},"excerpt":{"rendered":"<p>Sam Ojeda | NV Noticias Xalapa.- El gobernador Cuitl\u00e1huac Garc\u00eda Jim\u00e9nez design\u00f3 a Guadalupe D\u00edaz del Castillo Flores como encargada de despacho de la Secretar\u00eda de Salud. Esta decisi\u00f3n se da luego del fallecimiento del director de los Servicios de Salud de Veracruz, Gerardo D\u00edaz Morales, ocurrido durante este martes. Garc\u00eda Jim\u00e9nez dijo que la [&hellip;]<\/p>\n","protected":false},"author":35,"featured_media":118722,"comment_status":"open","ping_status":"open","sticky":false,"template":"","format":"standard","meta":{"_monsterinsights_skip_tracking":false,"_monsterinsights_sitenote_active":false,"_monsterinsights_sitenote_note":"","_monsterinsights_sitenote_category":0,"footnotes":""},"categories":[156],"tags":[12104,16243,26952,162,193,180],"class_list":["post-118720","post","type-post","status-publish","format-standard","has-post-thumbnail","hentry","category-estado","tag-designan","tag-encargada","tag-guadalupe-diaz","tag-portada","tag-salud","tag-veracruz","wp-image-borders"],"amp_enabled":true,"_links":{"self":[{"href":"https:\/\/nvnoticias.mx\/index.php\/wp-json\/wp\/v2\/posts\/118720","targetHints":{"allow":["GET"]}}],"collection":[{"href":"https:\/\/nvnoticias.mx\/index.php\/wp-json\/wp\/v2\/posts"}],"about":[{"href":"https:\/\/nvnoticias.mx\/index.php\/wp-json\/wp\/v2\/types\/post"}],"author":[{"embeddable":true,"href":"https:\/\/nvnoticias.mx\/index.php\/wp-json\/wp\/v2\/users\/35"}],"replies":[{"embeddable":true,"href":"https:\/\/nvnoticias.mx\/index.php\/wp-json\/wp\/v2\/comments?post=118720"}],"version-history":[{"count":1,"href":"https:\/\/nvnoticias.mx\/index.php\/wp-json\/wp\/v2\/posts\/118720\/revisions"}],"predecessor-version":[{"id":118721,"href":"https:\/\/nvnoticias.mx\/index.php\/wp-json\/wp\/v2\/posts\/118720\/revisions\/118721"}],"wp:featuredmedia":[{"embeddable":true,"href":"https:\/\/nvnoticias.mx\/index.php\/wp-json\/wp\/v2\/media\/118722"}],"wp:attachment":[{"href":"https:\/\/nvnoticias.mx\/index.php\/wp-json\/wp\/v2\/media?parent=118720"}],"wp:term":[{"taxonomy":"category","embeddable":true,"href":"https:\/\/nvnoticias.mx\/index.php\/wp-json\/wp\/v2\/categories?post=118720"},{"taxonomy":"post_tag","embeddable":true,"href":"https:\/\/nvnoticias.mx\/index.php\/wp-json\/wp\/v2\/tags?post=118720"}],"curies":[{"name":"wp","href":"https:\/\/api.w.org\/{rel}","templated":true}]}}