{"id":118709,"date":"2023-08-28T20:53:44","date_gmt":"2023-08-29T01:53:44","guid":{"rendered":"https:\/\/nvnoticias.mx\/?p=118709"},"modified":"2023-08-28T20:53:44","modified_gmt":"2023-08-29T01:53:44","slug":"chicharito-habla-sobre-su-posible-retiro","status":"publish","type":"post","link":"https:\/\/nvnoticias.mx\/index.php\/2023\/08\/28\/chicharito-habla-sobre-su-posible-retiro\/","title":{"rendered":"&#8216;Chicharito&#8217; habla sobre su posible retiro"},"content":{"rendered":"\n<p>El futbolista mexicano Javier Hern\u00e1ndez habl\u00f3 sobre el futuro de su carrera en las canchas a sus 35 a\u00f1os, en donde las lesiones lo han marginado de las canchas en los \u00faltimos meses.<\/p>\n\n\n\n<p>Al respecto, &#8216;Chicharito&#8217; dijo que ya ha pensado sobre su retiro, pero que depender\u00e1 mucho de las condiciones en las que se encuentre en los pr\u00f3ximos a\u00f1os para determinar cu\u00e1nto tiempo m\u00e1s seguir\u00e1 jugando.<\/p>\n\n\n\n<blockquote class=\"wp-block-quote is-layout-flow wp-block-quote-is-layout-flow\"><p>&#8220;<em>No s\u00e9 a los cu\u00e1ntos a\u00f1os me pienso retirar, puede ser despu\u00e9s de esta temporada, dentro de dos, dentro de tres, dentro de cinco. Es una decisi\u00f3n que quiero que haga completamente sentido, primeramente, si mi cuerpo le sigue respondiendo a mi mente<\/em>&#8220;, dijo Hern\u00e1ndez Balcazar en su canal de Twitch.<\/p><\/blockquote>\n\n\n\n<blockquote class=\"wp-block-quote is-layout-flow wp-block-quote-is-layout-flow\"><p>&#8220;<em>Tambi\u00e9n ver d\u00f3nde estar\u00e9 jugando en el futuro, espero que sea aqu\u00ed en Los \u00c1ngeles, de verdad y si no ya veremos d\u00f3nde pero (mi retiro) depende de muchos factores<\/em>&#8220;, a\u00f1adi\u00f3.<\/p><\/blockquote>\n\n\n\n<p>&#8216;Chicharito&#8217; tiene contrato con los angelinos hasta diciembre de 2023, aunque se desconoce si habr\u00e1 renovaci\u00f3n debido a que est\u00e1 lesionado por ligamento cruzados y su vuelta a\u00fan sigue siendo una inc\u00f3gnita.<\/p>\n\n\n\n<p><\/p>\n","protected":false},"excerpt":{"rendered":"<p>El futbolista mexicano Javier Hern\u00e1ndez habl\u00f3 sobre el futuro de su carrera en las canchas a sus 35 a\u00f1os, en donde las lesiones lo han marginado de las canchas en los \u00faltimos meses. Al respecto, &#8216;Chicharito&#8217; dijo que ya ha pensado sobre su retiro, pero que depender\u00e1 mucho de las condiciones en las que se [&hellip;]<\/p>\n","protected":false},"author":8,"featured_media":41414,"comment_status":"open","ping_status":"open","sticky":false,"template":"","format":"standard","meta":{"_monsterinsights_skip_tracking":false,"_monsterinsights_sitenote_active":false,"_monsterinsights_sitenote_note":"","_monsterinsights_sitenote_category":0,"footnotes":""},"categories":[159],"tags":[6430,5593],"class_list":["post-118709","post","type-post","status-publish","format-standard","has-post-thumbnail","hentry","category-deportes","tag-chicharito-hernandez","tag-retiro","wp-image-borders"],"amp_enabled":true,"_links":{"self":[{"href":"https:\/\/nvnoticias.mx\/index.php\/wp-json\/wp\/v2\/posts\/118709","targetHints":{"allow":["GET"]}}],"collection":[{"href":"https:\/\/nvnoticias.mx\/index.php\/wp-json\/wp\/v2\/posts"}],"about":[{"href":"https:\/\/nvnoticias.mx\/index.php\/wp-json\/wp\/v2\/types\/post"}],"author":[{"embeddable":true,"href":"https:\/\/nvnoticias.mx\/index.php\/wp-json\/wp\/v2\/users\/8"}],"replies":[{"embeddable":true,"href":"https:\/\/nvnoticias.mx\/index.php\/wp-json\/wp\/v2\/comments?post=118709"}],"version-history":[{"count":1,"href":"https:\/\/nvnoticias.mx\/index.php\/wp-json\/wp\/v2\/posts\/118709\/revisions"}],"predecessor-version":[{"id":118710,"href":"https:\/\/nvnoticias.mx\/index.php\/wp-json\/wp\/v2\/posts\/118709\/revisions\/118710"}],"wp:featuredmedia":[{"embeddable":true,"href":"https:\/\/nvnoticias.mx\/index.php\/wp-json\/wp\/v2\/media\/41414"}],"wp:attachment":[{"href":"https:\/\/nvnoticias.mx\/index.php\/wp-json\/wp\/v2\/media?parent=118709"}],"wp:term":[{"taxonomy":"category","embeddable":true,"href":"https:\/\/nvnoticias.mx\/index.php\/wp-json\/wp\/v2\/categories?post=118709"},{"taxonomy":"post_tag","embeddable":true,"href":"https:\/\/nvnoticias.mx\/index.php\/wp-json\/wp\/v2\/tags?post=118709"}],"curies":[{"name":"wp","href":"https:\/\/api.w.org\/{rel}","templated":true}]}}