{"id":1186,"date":"2021-01-14T21:11:42","date_gmt":"2021-01-15T03:11:42","guid":{"rendered":"https:\/\/nvnoticias.mx\/?p=1186"},"modified":"2021-01-14T21:11:42","modified_gmt":"2021-01-15T03:11:42","slug":"asegura-cesar-duarte-que-de-ser-extraditado-a-mexico-su-vida-estara-en-riesgo","status":"publish","type":"post","link":"https:\/\/nvnoticias.mx\/index.php\/2021\/01\/14\/asegura-cesar-duarte-que-de-ser-extraditado-a-mexico-su-vida-estara-en-riesgo\/","title":{"rendered":"Asegura C\u00e9sar Duarte que de ser extraditado a M\u00e9xico, su vida estar\u00e1 en riesgo"},"content":{"rendered":"\n<p><strong>Foto: AP<\/strong><\/p>\n\n\n\n<p>Ante una corte federal de Estados Unidos, la defensa del exgobernador de Chihuahua, C\u00e9sar Duarte, se\u00f1al\u00f3 que la vida del pol\u00edtico &#8220;estar\u00e1 en peligro&#8221; de ser extraditado a M\u00e9xico, pa\u00eds donde est\u00e1 acusado de desv\u00edo de dinero y delitos electorales.<\/p>\n\n\n\n<p>Este jueves, dar\u00eda inicio el juicio de extradici\u00f3n de Duarte, pero la jueza encargada del proceso lo &#8220;cancel\u00f3&#8221; este mi\u00e9rcoles y a\u00fan no se ha programado una nueva fecha.<\/p>\n\n\n\n<p>C\u00e9sar Duarte quien fue detenido desde julio del 2020 en Miami y enfrenta cargos por &#8220;peculado y asociaci\u00f3n para delinquir&#8221;, alega &#8220;persecuci\u00f3n pol\u00edtica&#8221;, de parte de su sucesor en el cargo, Javier Corral Jurado.<\/p>\n\n\n\n<blockquote class=\"wp-block-quote is-layout-flow wp-block-quote-is-layout-flow\"><p>\u201cCorral no solo ha acusado falsamente al se\u00f1or Duarte de ser un informante contra los c\u00e1rteles de la droga en su permanencia en Estados Unidos,<strong>\u00a0sino su asesor pol\u00edtico principal tambi\u00e9n admiti\u00f3\u00a0<\/strong>que el se\u00f1or Duarte ser\u00eda asesinado al ser encarcelado en M\u00e9xico\u201d<\/p><cite>se\u00f1ala el documento.<\/cite><\/blockquote>\n\n\n\n<p>Fuente: Forbes<\/p>\n","protected":false},"excerpt":{"rendered":"<p>Foto: AP Ante una corte federal de Estados Unidos, la defensa del exgobernador de Chihuahua, C\u00e9sar Duarte, se\u00f1al\u00f3 que la vida del pol\u00edtico &#8220;estar\u00e1 en peligro&#8221; de ser extraditado a M\u00e9xico, pa\u00eds donde est\u00e1 acusado de desv\u00edo de dinero y delitos electorales. Este jueves, dar\u00eda inicio el juicio de extradici\u00f3n de Duarte, pero la jueza [&hellip;]<\/p>\n","protected":false},"author":7,"featured_media":1198,"comment_status":"open","ping_status":"open","sticky":false,"template":"","format":"standard","meta":{"_monsterinsights_skip_tracking":false,"_monsterinsights_sitenote_active":false,"_monsterinsights_sitenote_note":"","_monsterinsights_sitenote_category":0,"footnotes":""},"categories":[158],"tags":[407,408,183,292],"class_list":["post-1186","post","type-post","status-publish","format-standard","has-post-thumbnail","hentry","category-politica","tag-cesar-duarte","tag-duarte","tag-estados-unidos","tag-mexico","wp-image-borders"],"amp_enabled":true,"_links":{"self":[{"href":"https:\/\/nvnoticias.mx\/index.php\/wp-json\/wp\/v2\/posts\/1186","targetHints":{"allow":["GET"]}}],"collection":[{"href":"https:\/\/nvnoticias.mx\/index.php\/wp-json\/wp\/v2\/posts"}],"about":[{"href":"https:\/\/nvnoticias.mx\/index.php\/wp-json\/wp\/v2\/types\/post"}],"author":[{"embeddable":true,"href":"https:\/\/nvnoticias.mx\/index.php\/wp-json\/wp\/v2\/users\/7"}],"replies":[{"embeddable":true,"href":"https:\/\/nvnoticias.mx\/index.php\/wp-json\/wp\/v2\/comments?post=1186"}],"version-history":[{"count":1,"href":"https:\/\/nvnoticias.mx\/index.php\/wp-json\/wp\/v2\/posts\/1186\/revisions"}],"predecessor-version":[{"id":1196,"href":"https:\/\/nvnoticias.mx\/index.php\/wp-json\/wp\/v2\/posts\/1186\/revisions\/1196"}],"wp:featuredmedia":[{"embeddable":true,"href":"https:\/\/nvnoticias.mx\/index.php\/wp-json\/wp\/v2\/media\/1198"}],"wp:attachment":[{"href":"https:\/\/nvnoticias.mx\/index.php\/wp-json\/wp\/v2\/media?parent=1186"}],"wp:term":[{"taxonomy":"category","embeddable":true,"href":"https:\/\/nvnoticias.mx\/index.php\/wp-json\/wp\/v2\/categories?post=1186"},{"taxonomy":"post_tag","embeddable":true,"href":"https:\/\/nvnoticias.mx\/index.php\/wp-json\/wp\/v2\/tags?post=1186"}],"curies":[{"name":"wp","href":"https:\/\/api.w.org\/{rel}","templated":true}]}}