{"id":118391,"date":"2023-08-26T10:11:49","date_gmt":"2023-08-26T15:11:49","guid":{"rendered":"https:\/\/nvnoticias.mx\/?p=118391"},"modified":"2023-08-26T10:11:50","modified_gmt":"2023-08-26T15:11:50","slug":"fifa-suspende-provisionalmente-a-luis-rubiales","status":"publish","type":"post","link":"https:\/\/nvnoticias.mx\/index.php\/2023\/08\/26\/fifa-suspende-provisionalmente-a-luis-rubiales\/","title":{"rendered":"FIFA suspende &#8220;provisionalmente&#8221; a Luis Rubiales"},"content":{"rendered":"\n<p>El colombiano Jorge Iv\u00e1n Palacio, presidente de la Comisi\u00f3n Disciplinaria de la FIFA, acord\u00f3 la \u201csuspensi\u00f3n provisional\u201d del presidente de la Real Federaci\u00f3n Espa\u00f1ola (RFEF), Luis Rubiales, \u201cde toda actividad relacionada con el futbol a nivel nacional e internacional\u201d.<\/p>\n\n\n\n<blockquote class=\"wp-block-quote is-layout-flow wp-block-quote-is-layout-flow\"><p>\u201cEsta suspensi\u00f3n, que ser\u00e1 efectiva desde el d\u00eda de hoy, se extiende por un periodo inicial de noventa d\u00edas y en tanto en cuanto se tramita el procedimiento disciplinario abierto por esta Comisi\u00f3n Disciplinaria contra el Sr. Luis Rubiales el pasado jueves 24 de agosto\u201d, indic\u00f3 en un comunicado el m\u00e1ximo organismo del futbol mundial que refiere al art\u00edculo 51 del C\u00f3digo Disciplinario.<\/p><\/blockquote>\n\n\n\n<p>La suspensi\u00f3n llega un d\u00eda despu\u00e9s de que Luis Rubiales anunciara en la Asamblea General Ordinaria de la RFEF, celebrada en Las Rozas, Madrid, que no iba a dimitir, tras justificar lo que ocurri\u00f3 en la final del Mundial femenino, en la que, en el palco, se llev\u00f3 las manos a los genitales al acabar el encuentro y en la ceremonia de entrega de medallas bes\u00f3 en la boca a la jugadora Jenni Hermoso.<\/p>\n\n\n\n<p>Rubiales asegur\u00f3 que fue un \u201cbeso espont\u00e1neo, mutuo, euf\u00f3rico y consentido\u201d, entre otras aseveraciones, lo que fue desmentido por la futbolista posteriormente.<\/p>\n\n\n\n<h3 class=\"wp-block-heading\">Presionan para que Luis Rubiales renunciara<\/h3>\n\n\n\n<p>La intervenci\u00f3n de Rubiales provoc\u00f3 el rechazo generalizado de buena parte de la sociedad, el anuncio de las 23 campeonas del mundo y otras jugadoras de que renunciaban a seguir acudiendo a las convocatorias mientras continuaba el presidente, el respaldo internacional a Jenni Hermoso y la \u201cpetici\u00f3n razonada\u201d del Consejo Superior de Deportes (CSD) al Tribunal Administrativo del Deporte (TAD) por una posible vulneraci\u00f3n de la Ley del Deporte y del Real Decreto sobre Disciplina Deportiva por parte de Luis Rubiales, infracciones que considera \u201cmuy graves\u201d y que posibilitan una suspensi\u00f3n cautelar del dirigente.<\/p>\n\n\n\n<p>Adem\u00e1s, el presidente de la comisi\u00f3n de FIFA, \u201cal objeto de preservar, entre otros factores, los derechos fundamentales de la jugadora de la selecci\u00f3n nacional de futbol Sra. Jennifer Hermoso y el buen orden del procedimiento disciplinario que se encuentre en tramitaci\u00f3n ante este \u00f3rgano disciplinario\u201d, dict\u00f3 dos directivas adicionales (art\u00edculo 7 CDF) \u201cmediante las cuales ordena al Sr. Luis Rubiales que se abstenga, \u00e9l mismo o mediante terceros, de contactar o intentar contactar con la jugadora profesional de la selecci\u00f3n nacional espa\u00f1ola Sra. Jennifer Hermoso o su entorno cercano\u201d.<\/p>\n\n\n\n<blockquote class=\"wp-block-quote is-layout-flow wp-block-quote-is-layout-flow\"><p>\u201cIgualmente se ordena a la RFEF y a sus oficiales o empleados, de manera directa o a trav\u00e9s de terceros, abstenerse de contactar a la jugadora profesional de la selecci\u00f3n nacional espa\u00f1ola Sra. Jennifer Hermoso o a su entorno cercano\u201d, apunta.<\/p><\/blockquote>\n\n\n\n<p>Esta decisi\u00f3n, precis\u00f3 el comunicado de la FIFA, fue comunicada este mismo s\u00e1bado a Rubiales y a la UEFA, \u201cpara su debido cumplimiento\u201d.<\/p>\n\n\n\n<p>La Comisi\u00f3n Disciplinaria advirti\u00f3 que \u201cno ofrecer\u00e1 m\u00e1s informaci\u00f3n sobre este procedimiento disciplinario hasta la adopci\u00f3n de una decisi\u00f3n final sobre el mismo\u201d, mientras que la FIFA reiter\u00f3 en su misiva \u201csu compromiso absoluto con el respeto a la integridad de todas las personas y por lo mismo condena con el mayor vigor todo comportamiento contrario\u201d.<\/p>\n","protected":false},"excerpt":{"rendered":"<p>El colombiano Jorge Iv\u00e1n Palacio, presidente de la Comisi\u00f3n Disciplinaria de la FIFA, acord\u00f3 la \u201csuspensi\u00f3n provisional\u201d del presidente de la Real Federaci\u00f3n Espa\u00f1ola (RFEF), Luis Rubiales, \u201cde toda actividad relacionada con el futbol a nivel nacional e internacional\u201d. \u201cEsta suspensi\u00f3n, que ser\u00e1 efectiva desde el d\u00eda de hoy, se extiende por un periodo inicial [&hellip;]<\/p>\n","protected":false},"author":6,"featured_media":118392,"comment_status":"open","ping_status":"open","sticky":false,"template":"","format":"standard","meta":{"_monsterinsights_skip_tracking":false,"_monsterinsights_sitenote_active":false,"_monsterinsights_sitenote_note":"","_monsterinsights_sitenote_category":0,"footnotes":""},"categories":[159],"tags":[3099,13603],"class_list":["post-118391","post","type-post","status-publish","format-standard","has-post-thumbnail","hentry","category-deportes","tag-fifa","tag-luis-rubiales","wp-image-borders"],"amp_enabled":true,"_links":{"self":[{"href":"https:\/\/nvnoticias.mx\/index.php\/wp-json\/wp\/v2\/posts\/118391","targetHints":{"allow":["GET"]}}],"collection":[{"href":"https:\/\/nvnoticias.mx\/index.php\/wp-json\/wp\/v2\/posts"}],"about":[{"href":"https:\/\/nvnoticias.mx\/index.php\/wp-json\/wp\/v2\/types\/post"}],"author":[{"embeddable":true,"href":"https:\/\/nvnoticias.mx\/index.php\/wp-json\/wp\/v2\/users\/6"}],"replies":[{"embeddable":true,"href":"https:\/\/nvnoticias.mx\/index.php\/wp-json\/wp\/v2\/comments?post=118391"}],"version-history":[{"count":1,"href":"https:\/\/nvnoticias.mx\/index.php\/wp-json\/wp\/v2\/posts\/118391\/revisions"}],"predecessor-version":[{"id":118393,"href":"https:\/\/nvnoticias.mx\/index.php\/wp-json\/wp\/v2\/posts\/118391\/revisions\/118393"}],"wp:featuredmedia":[{"embeddable":true,"href":"https:\/\/nvnoticias.mx\/index.php\/wp-json\/wp\/v2\/media\/118392"}],"wp:attachment":[{"href":"https:\/\/nvnoticias.mx\/index.php\/wp-json\/wp\/v2\/media?parent=118391"}],"wp:term":[{"taxonomy":"category","embeddable":true,"href":"https:\/\/nvnoticias.mx\/index.php\/wp-json\/wp\/v2\/categories?post=118391"},{"taxonomy":"post_tag","embeddable":true,"href":"https:\/\/nvnoticias.mx\/index.php\/wp-json\/wp\/v2\/tags?post=118391"}],"curies":[{"name":"wp","href":"https:\/\/api.w.org\/{rel}","templated":true}]}}