{"id":118360,"date":"2023-08-25T17:59:03","date_gmt":"2023-08-25T22:59:03","guid":{"rendered":"https:\/\/nvnoticias.mx\/?p=118360"},"modified":"2023-08-25T17:59:03","modified_gmt":"2023-08-25T22:59:03","slug":"nestor-rojas-ratificado-con-el-aguila-en-2024","status":"publish","type":"post","link":"https:\/\/nvnoticias.mx\/index.php\/2023\/08\/25\/nestor-rojas-ratificado-con-el-aguila-en-2024\/","title":{"rendered":"N\u00e9stor Rojas, ratificado con El \u00c1guila en 2024"},"content":{"rendered":"\n<p>Tras una temporada exitosa, el venezolano N\u00e9stor Rojas fue ratificado como m\u00e1nager de El \u00c1guila de Veracruz para la temporada 2024 de la Liga Mexicana de Beisbol.<\/p>\n\n\n\n<p>Ante medios de comunicaci\u00f3n, la Directiva de El \u00c1guila de Veracruz encabezada por H\u00e9ctor Fitch, Director General y Jes\u00fas \u201cChino\u201d Valdez, Director Deportivo, dieron a conocer la continuidad del dirigente venezolano.<\/p>\n\n\n\n<blockquote class=\"wp-block-quote is-layout-flow wp-block-quote-is-layout-flow\"><p>\u201c<em>Me preguntan en el estadio que si N\u00e9stor se gan\u00f3 su regreso y pues es s\u00ed (\u2026) cuando cay\u00f3 el \u00faltimo out, empiezo a recibir mensajes de mis compa\u00f1eros de los equipos, reconociendo a El \u00c1guila y el trabajo que se ha hecho aqu\u00ed, para mi ese es un par\u00e1metro, cuando tu competencia te dice \u2018buen trabajo\u2019, vamos por buen camino<\/em>\u201d, destac\u00f3 Jes\u00fas Valdez, Director deportivo de El \u00c1guila.<\/p><\/blockquote>\n\n\n\n<p>El Glorioso bajo el mando de N\u00e9stor Rojas, termin\u00f3 con r\u00e9cord de 48-40&nbsp; y termin\u00f3 en tercer lugar del standing de la zona sur de la Liga Mexicana de Beisbol, algo que solo hab\u00eda sucedido desde 1974 (62-74) y en el 2011 (54-49).<\/p>\n\n\n\n<blockquote class=\"wp-block-quote is-layout-flow wp-block-quote-is-layout-flow\"><p>\u201c<em>Quiero darle gracias a Dios por haberme permitido estar aqu\u00ed, contento no estoy, satisfecho tampoco, pero s\u00ed orgulloso por todo el trabajo y esfuerzo que todos mis muchachos hicieron, de vivir esta experiencia con mi familia de Veracruz y feliz de ver un papel plasmado cosas tan especiales que vivimos en su 120 aniversario<\/em>.<\/p><\/blockquote>\n\n\n\n<blockquote class=\"wp-block-quote is-layout-flow wp-block-quote-is-layout-flow\"><p>\u201c<em>Emocionado, desde ayer est\u00e1bamos preparando y hablando el pr\u00f3ximo a\u00f1o, no vamos a descansar porque vimos la calidad humana que tenemos, vimos el equipo que somos y que podemos llegar a hacer y darle eso a la ciudad de Veracruz\u201d<\/em>, sentenci\u00f3 N\u00e9stor Rojas.<\/p><\/blockquote>\n\n\n\n<p>Sobre la continuidad de los jugadores que fueron prestados por otros equipos, Jes\u00fas \u201cChino\u201d Valdez coment\u00f3 que esperar\u00e1n que los equipos con los derechos culminen su participaci\u00f3n en playoffs para negociar la posibilidad de que estos elementos contin\u00faen con El Glorioso.<\/p>\n","protected":false},"excerpt":{"rendered":"<p>Tras una temporada exitosa, el venezolano N\u00e9stor Rojas fue ratificado como m\u00e1nager de El \u00c1guila de Veracruz para la temporada 2024 de la Liga Mexicana de Beisbol. Ante medios de comunicaci\u00f3n, la Directiva de El \u00c1guila de Veracruz encabezada por H\u00e9ctor Fitch, Director General y Jes\u00fas \u201cChino\u201d Valdez, Director Deportivo, dieron a conocer la continuidad [&hellip;]<\/p>\n","protected":false},"author":8,"featured_media":118361,"comment_status":"open","ping_status":"open","sticky":false,"template":"","format":"standard","meta":{"_monsterinsights_skip_tracking":false,"_monsterinsights_sitenote_active":false,"_monsterinsights_sitenote_note":"","_monsterinsights_sitenote_category":0,"footnotes":""},"categories":[159],"tags":[1195,26112],"class_list":["post-118360","post","type-post","status-publish","format-standard","has-post-thumbnail","hentry","category-deportes","tag-el-aguila-de-veracruz","tag-nestor-rojas","wp-image-borders"],"amp_enabled":true,"_links":{"self":[{"href":"https:\/\/nvnoticias.mx\/index.php\/wp-json\/wp\/v2\/posts\/118360","targetHints":{"allow":["GET"]}}],"collection":[{"href":"https:\/\/nvnoticias.mx\/index.php\/wp-json\/wp\/v2\/posts"}],"about":[{"href":"https:\/\/nvnoticias.mx\/index.php\/wp-json\/wp\/v2\/types\/post"}],"author":[{"embeddable":true,"href":"https:\/\/nvnoticias.mx\/index.php\/wp-json\/wp\/v2\/users\/8"}],"replies":[{"embeddable":true,"href":"https:\/\/nvnoticias.mx\/index.php\/wp-json\/wp\/v2\/comments?post=118360"}],"version-history":[{"count":1,"href":"https:\/\/nvnoticias.mx\/index.php\/wp-json\/wp\/v2\/posts\/118360\/revisions"}],"predecessor-version":[{"id":118362,"href":"https:\/\/nvnoticias.mx\/index.php\/wp-json\/wp\/v2\/posts\/118360\/revisions\/118362"}],"wp:featuredmedia":[{"embeddable":true,"href":"https:\/\/nvnoticias.mx\/index.php\/wp-json\/wp\/v2\/media\/118361"}],"wp:attachment":[{"href":"https:\/\/nvnoticias.mx\/index.php\/wp-json\/wp\/v2\/media?parent=118360"}],"wp:term":[{"taxonomy":"category","embeddable":true,"href":"https:\/\/nvnoticias.mx\/index.php\/wp-json\/wp\/v2\/categories?post=118360"},{"taxonomy":"post_tag","embeddable":true,"href":"https:\/\/nvnoticias.mx\/index.php\/wp-json\/wp\/v2\/tags?post=118360"}],"curies":[{"name":"wp","href":"https:\/\/api.w.org\/{rel}","templated":true}]}}