{"id":118209,"date":"2023-08-24T14:25:34","date_gmt":"2023-08-24T19:25:34","guid":{"rendered":"https:\/\/nvnoticias.mx\/?p=118209"},"modified":"2023-08-24T14:25:35","modified_gmt":"2023-08-24T19:25:35","slug":"en-un-mes-retiraran-en-su-totalidad-el-buque-guanajuato","status":"publish","type":"post","link":"https:\/\/nvnoticias.mx\/index.php\/2023\/08\/24\/en-un-mes-retiraran-en-su-totalidad-el-buque-guanajuato\/","title":{"rendered":"En un mes retirar\u00e1n en su totalidad el buque Guanajuato"},"content":{"rendered":"\n<p><strong>Jes\u00fas Utrilla \/ NV Noticias<\/strong><\/p>\n\n\n\n<p>En un mes retirar\u00e1n en su totalidad el buque Guanajuato. El alcalde de Boca del R\u00edo, Juan Manuel de Un\u00e1nue Abascal dijo que despu\u00e9s de varias semanas de tr\u00e1mites, se trabaja ya en el buque para que sea retirado en su totalidad, y posteriormente ya el municipio comience con las labores de remodelaci\u00f3n de la Plaza Banderas.<\/p>\n\n\n\n<blockquote class=\"wp-block-quote is-layout-flow wp-block-quote-is-layout-flow\"><p>\u201c<em>Bien, ya bastante avanzado, pr\u00e1cticamente consideramos que en un mes ya debe de estar totalmente deshuesado y retirado y tenemos un proyecto muy importante en las Plaza Bandera, ya que ustedes saben qu\u00e9 en realidad es un punto tur\u00edstico bastante visitado a\u00fan con la p\u00e9sima imagen que daba el buque, el artefacto, los fines de semana y temporadas alta much\u00edsima gente nos visita<\/em>&#8220;.<\/p><\/blockquote>\n\n\n\n<p>Conforme los tiempos se ir\u00e1 cambiando la imagen de este lugar de esparcimiento para miles de familias.<\/p>\n\n\n\n<blockquote class=\"wp-block-quote is-layout-flow wp-block-quote-is-layout-flow\"><p>&#8220;<em>Que ya no este contaminando tambi\u00e9n el r\u00edo el buque, vamos a hacer una inversi\u00f3n importante en la Plaza para dejarla muy bonita y que locales y turistas puedan disfrutar de este espacio en la cabecera municipal, el proyecto lo estamos haciendo\u201d<\/em>.<\/p><\/blockquote>\n\n\n\n<p>Por otra parte, dio a conocer que la lluvia intensa que cay\u00f3 durante la noche-madrugada en el municipio de Boca del R\u00edo s\u00f3lo dej\u00f3 da\u00f1os menores.<\/p>\n","protected":false},"excerpt":{"rendered":"<p>Jes\u00fas Utrilla \/ NV Noticias En un mes retirar\u00e1n en su totalidad el buque Guanajuato. El alcalde de Boca del R\u00edo, Juan Manuel de Un\u00e1nue Abascal dijo que despu\u00e9s de varias semanas de tr\u00e1mites, se trabaja ya en el buque para que sea retirado en su totalidad, y posteriormente ya el municipio comience con las [&hellip;]<\/p>\n","protected":false},"author":8,"featured_media":118210,"comment_status":"open","ping_status":"open","sticky":false,"template":"","format":"standard","meta":{"_monsterinsights_skip_tracking":false,"_monsterinsights_sitenote_active":false,"_monsterinsights_sitenote_note":"","_monsterinsights_sitenote_category":0,"footnotes":""},"categories":[154],"tags":[5574],"class_list":["post-118209","post","type-post","status-publish","format-standard","has-post-thumbnail","hentry","category-veracruz","tag-buque-guanajuato","wp-image-borders"],"amp_enabled":true,"_links":{"self":[{"href":"https:\/\/nvnoticias.mx\/index.php\/wp-json\/wp\/v2\/posts\/118209","targetHints":{"allow":["GET"]}}],"collection":[{"href":"https:\/\/nvnoticias.mx\/index.php\/wp-json\/wp\/v2\/posts"}],"about":[{"href":"https:\/\/nvnoticias.mx\/index.php\/wp-json\/wp\/v2\/types\/post"}],"author":[{"embeddable":true,"href":"https:\/\/nvnoticias.mx\/index.php\/wp-json\/wp\/v2\/users\/8"}],"replies":[{"embeddable":true,"href":"https:\/\/nvnoticias.mx\/index.php\/wp-json\/wp\/v2\/comments?post=118209"}],"version-history":[{"count":1,"href":"https:\/\/nvnoticias.mx\/index.php\/wp-json\/wp\/v2\/posts\/118209\/revisions"}],"predecessor-version":[{"id":118211,"href":"https:\/\/nvnoticias.mx\/index.php\/wp-json\/wp\/v2\/posts\/118209\/revisions\/118211"}],"wp:featuredmedia":[{"embeddable":true,"href":"https:\/\/nvnoticias.mx\/index.php\/wp-json\/wp\/v2\/media\/118210"}],"wp:attachment":[{"href":"https:\/\/nvnoticias.mx\/index.php\/wp-json\/wp\/v2\/media?parent=118209"}],"wp:term":[{"taxonomy":"category","embeddable":true,"href":"https:\/\/nvnoticias.mx\/index.php\/wp-json\/wp\/v2\/categories?post=118209"},{"taxonomy":"post_tag","embeddable":true,"href":"https:\/\/nvnoticias.mx\/index.php\/wp-json\/wp\/v2\/tags?post=118209"}],"curies":[{"name":"wp","href":"https:\/\/api.w.org\/{rel}","templated":true}]}}