{"id":118105,"date":"2023-08-23T14:47:01","date_gmt":"2023-08-23T19:47:01","guid":{"rendered":"https:\/\/nvnoticias.mx\/?p=118105"},"modified":"2023-08-23T14:47:02","modified_gmt":"2023-08-23T19:47:02","slug":"ante-la-inseguridad-la-uv-anuncia-reforzamiento-de-vigilancia-en-facultades","status":"publish","type":"post","link":"https:\/\/nvnoticias.mx\/index.php\/2023\/08\/23\/ante-la-inseguridad-la-uv-anuncia-reforzamiento-de-vigilancia-en-facultades\/","title":{"rendered":"Ante la inseguridad, la UV anuncia reforzamiento de vigilancia en facultades"},"content":{"rendered":"\n<p><strong>Jes\u00fas Utrilla \/ NV Noticias<\/strong><\/p>\n\n\n\n<p>Ante la creciente preocupaci\u00f3n por la seguridad en la colonia Vista Mar de la ciudad de Veracruz, la Universidad Veracruzana ha anunciado medidas para fortalecer la protecci\u00f3n de sus estudiantes en la Facultad de Administraci\u00f3n. <\/p>\n\n\n\n<p>Rub\u00e9n Edel Navarro, vicerrector de la Universidad Veracruzana regi\u00f3n Veracruz-Boca del R\u00edo, ha revelado que se implementar\u00e1 un modelo de identificaci\u00f3n utilizando c\u00f3digos QR con el objetivo de mejorar el control de acceso a la instituci\u00f3n.<\/p>\n\n\n\n<p>Navarro explic\u00f3 que este enfoque de seguridad se asemejar\u00e1 a un sistema tipo aduana, posiblemente basado en la identificaci\u00f3n dactilar, para agilizar los tiempos de entrada y salida de las instalaciones.\u00a0<\/p>\n\n\n\n<p>Aunque no se especific\u00f3 la inversi\u00f3n exacta, se destac\u00f3 que la universidad realizar\u00e1 una fuerte inversi\u00f3n en la adquisici\u00f3n de dispositivos para reforzar la seguridad.<\/p>\n\n\n\n<p>Esta iniciativa comenzar\u00e1 en la Facultad de Administraci\u00f3n y luego se extender\u00e1 al Campus Ingenier\u00edas. Adem\u00e1s de la seguridad, la universidad tambi\u00e9n se enfocar\u00e1 en proyectos de infraestructura, espacios verdes y reforestaci\u00f3n para mejorar la sustentabilidad del campus.<\/p>\n\n\n\n<p>La instalaci\u00f3n de c\u00e1maras de videovigilancia se considerar\u00e1 en una etapa posterior. Es importante se\u00f1alar que la universidad no tiene jurisdicci\u00f3n sobre la seguridad fuera de sus instalaciones, pero continuar\u00e1 monitoreando y fortaleciendo la seguridad dentro del campus para el beneficio de estudiantes, personal acad\u00e9mico y administrativo.<\/p>\n\n\n\n<p>En otro tema, se inform\u00f3 que se cerr\u00f3 el per\u00edodo de inscripci\u00f3n para la lista de corrimiento con \u00e9xito, ocupando el 95 por ciento de las 380 vacantes disponibles en diversas facultades. Las actividades acad\u00e9micas en la Universidad Veracruzana comenzaron el pasado lunes.<\/p>\n","protected":false},"excerpt":{"rendered":"<p>Jes\u00fas Utrilla \/ NV Noticias Ante la creciente preocupaci\u00f3n por la seguridad en la colonia Vista Mar de la ciudad de Veracruz, la Universidad Veracruzana ha anunciado medidas para fortalecer la protecci\u00f3n de sus estudiantes en la Facultad de Administraci\u00f3n. Rub\u00e9n Edel Navarro, vicerrector de la Universidad Veracruzana regi\u00f3n Veracruz-Boca del R\u00edo, ha revelado que [&hellip;]<\/p>\n","protected":false},"author":8,"featured_media":118108,"comment_status":"open","ping_status":"open","sticky":false,"template":"","format":"standard","meta":{"_monsterinsights_skip_tracking":false,"_monsterinsights_sitenote_active":false,"_monsterinsights_sitenote_note":"","_monsterinsights_sitenote_category":0,"footnotes":""},"categories":[154],"tags":[347,1164],"class_list":["post-118105","post","type-post","status-publish","format-standard","has-post-thumbnail","hentry","category-veracruz","tag-inseguridad","tag-uv","wp-image-borders"],"amp_enabled":true,"_links":{"self":[{"href":"https:\/\/nvnoticias.mx\/index.php\/wp-json\/wp\/v2\/posts\/118105","targetHints":{"allow":["GET"]}}],"collection":[{"href":"https:\/\/nvnoticias.mx\/index.php\/wp-json\/wp\/v2\/posts"}],"about":[{"href":"https:\/\/nvnoticias.mx\/index.php\/wp-json\/wp\/v2\/types\/post"}],"author":[{"embeddable":true,"href":"https:\/\/nvnoticias.mx\/index.php\/wp-json\/wp\/v2\/users\/8"}],"replies":[{"embeddable":true,"href":"https:\/\/nvnoticias.mx\/index.php\/wp-json\/wp\/v2\/comments?post=118105"}],"version-history":[{"count":1,"href":"https:\/\/nvnoticias.mx\/index.php\/wp-json\/wp\/v2\/posts\/118105\/revisions"}],"predecessor-version":[{"id":118109,"href":"https:\/\/nvnoticias.mx\/index.php\/wp-json\/wp\/v2\/posts\/118105\/revisions\/118109"}],"wp:featuredmedia":[{"embeddable":true,"href":"https:\/\/nvnoticias.mx\/index.php\/wp-json\/wp\/v2\/media\/118108"}],"wp:attachment":[{"href":"https:\/\/nvnoticias.mx\/index.php\/wp-json\/wp\/v2\/media?parent=118105"}],"wp:term":[{"taxonomy":"category","embeddable":true,"href":"https:\/\/nvnoticias.mx\/index.php\/wp-json\/wp\/v2\/categories?post=118105"},{"taxonomy":"post_tag","embeddable":true,"href":"https:\/\/nvnoticias.mx\/index.php\/wp-json\/wp\/v2\/tags?post=118105"}],"curies":[{"name":"wp","href":"https:\/\/api.w.org\/{rel}","templated":true}]}}