{"id":118021,"date":"2023-08-22T15:22:48","date_gmt":"2023-08-22T20:22:48","guid":{"rendered":"https:\/\/nvnoticias.mx\/?p=118021"},"modified":"2023-08-22T15:22:49","modified_gmt":"2023-08-22T20:22:49","slug":"por-que-japon-echara-al-mar-las-aguas-radioactivas-tratadas-de-la-planta-de-fukushima","status":"publish","type":"post","link":"https:\/\/nvnoticias.mx\/index.php\/2023\/08\/22\/por-que-japon-echara-al-mar-las-aguas-radioactivas-tratadas-de-la-planta-de-fukushima\/","title":{"rendered":"\u00bfPor qu\u00e9 Jap\u00f3n echar\u00e1 al mar las aguas radioactivas tratadas de la planta de Fukushima?"},"content":{"rendered":"\n<p>Jap\u00f3n\u00a0empezar\u00e1 a descargar el agua residual radioactiva\u00a0\u2014ya tratada y diluida\u2014 de la nucleoel\u00e9ctrica de Fukushima al Oc\u00e9ano Pac\u00edfico a partir del jueves, una medida controvertida pero esencial en el largo trabajo para clausurarla 12 a\u00f1os despu\u00e9s del desastre en sus reactores.<\/p>\n\n\n\n<p>El primer ministro Fumio Kishida dio el visto bueno final en una reuni\u00f3n de ministros del gabinete involucrados en el plan, e instruy\u00f3 al operador, la empresa Tokyo Electric Power Company Holdings (TEPCO), a que est\u00e9 listo para empezar a verter el agua en la costa el jueves si el clima y las condiciones del mar lo permiten.<\/p>\n\n\n\n<p>Kishida dijo en la reuni\u00f3n que\u00a0la descarga del agua es esencial para el avance en el desmantelamiento\u00a0de la planta y la recuperaci\u00f3n de la prefectura de\u00a0Fukushima\u00a0tras el desastre del 11 de marzo de 2011.<\/p>\n\n\n\n<p>Indic\u00f3 que el gobierno ha hecho todo lo posible hasta ahora para asegurar la seguridad, combatir el da\u00f1o a la reputaci\u00f3n de las empresas pesqueras, y proporcionar una explicaci\u00f3n transparente y cient\u00edfica con el fin de ganar aceptaci\u00f3n dentro y fuera del pa\u00eds.<\/p>\n\n\n\n<h4 class=\"wp-block-heading\">As\u00ed ser\u00e1 el proceso de vertido de aguas residuales de Fukushima<\/h4>\n\n\n\n<p>Se comprometi\u00f3 a que\u00a0el gobierno continuar\u00e1 las labores hasta el fin del vertido\u00a0y el desmantelamiento, el cual requerir\u00e1 d\u00e9cadas.<\/p>\n\n\n\n<p>Un enorme terremoto y un tsunami subsecuente destruyeron los sistemas de enfriamiento de la planta Daiichi de Fukushima, lo cual provoc\u00f3 que tres de sus reactores se fundieran y que el agua para enfriarlos se contaminara.<\/p>\n\n\n\n<p>Dicha agua es\u00a0recolectada, filtrada y almacenada\u00a0en unos mil tanques, los cuales ocupan gran parte del terreno de la planta y alcanzar\u00e1n su capacidad m\u00e1xima en 2024.<\/p>\n\n\n\n<p>Grupos pesqueros japoneses se han opuesto firmemente al plan de vertido de las aguas residuales, ya que temen que la reputaci\u00f3n de los mariscos que extraen del mar se vea m\u00e1s afectada.<\/p>\n\n\n\n<p>Grupos en\u00a0China\u00a0y\u00a0Corea del Sur\u00a0tambi\u00e9n han planteado su preocupaci\u00f3n, lo que lo ha convertido en un tema pol\u00edtico y diplom\u00e1tico.<\/p>\n\n\n\n<p>El gobierno y TEPCO dicen que es necesario que el agua regrese al mar con el fin de hacer espacio para el desmantelamiento de la planta y para prevenir filtraciones accidentales de los tanques.<\/p>\n\n\n\n<p>Junichi Matsumoto, ejecutivo de TEPCO a cargo de la descarga del agua, dijo en una entrevista con\u00a0<em>The Associated Press\u00a0<\/em>el mes pasado que el vertido representa \u201cun hito\u201d, pero sigue siendo solo un paso inicial en el proceso de desmantelamiento.<\/p>\n\n\n\n<p>El gobierno y TEPCO dicen que el tratamiento y la diluci\u00f3n har\u00e1n que el agua residual sea m\u00e1s segura de lo que marcan los est\u00e1ndares internacionales, y que su impacto ambiental ser\u00e1 insignificante.<\/p>\n\n\n\n<p>Pero\u00a0algunos cient\u00edficos consideran que el impacto a largo plazo\u00a0de la\u00a0radioactividad a dosis bajas\u00a0que contin\u00faa en el agua requiere atenci\u00f3n.<\/p>\n\n\n\n<p>Fuente: <a href=\"https:\/\/www.elfinanciero.com.mx\/mundo\/2023\/08\/22\/por-que-japon-echara-al-mar-las-aguas-radioactivas-tratadas-de-la-planta-de-fukushima\/\">El Financiero<\/a><\/p>\n","protected":false},"excerpt":{"rendered":"<p>Jap\u00f3n\u00a0empezar\u00e1 a descargar el agua residual radioactiva\u00a0\u2014ya tratada y diluida\u2014 de la nucleoel\u00e9ctrica de Fukushima al Oc\u00e9ano Pac\u00edfico a partir del jueves, una medida controvertida pero esencial en el largo trabajo para clausurarla 12 a\u00f1os despu\u00e9s del desastre en sus reactores. El primer ministro Fumio Kishida dio el visto bueno final en una reuni\u00f3n de [&hellip;]<\/p>\n","protected":false},"author":8,"featured_media":118022,"comment_status":"open","ping_status":"open","sticky":false,"template":"","format":"standard","meta":{"_monsterinsights_skip_tracking":false,"_monsterinsights_sitenote_active":false,"_monsterinsights_sitenote_note":"","_monsterinsights_sitenote_category":0,"footnotes":""},"categories":[181],"tags":[26894,644],"class_list":["post-118021","post","type-post","status-publish","format-standard","has-post-thumbnail","hentry","category-internacional","tag-aguas-radioactivas","tag-japon","wp-image-borders"],"amp_enabled":true,"_links":{"self":[{"href":"https:\/\/nvnoticias.mx\/index.php\/wp-json\/wp\/v2\/posts\/118021","targetHints":{"allow":["GET"]}}],"collection":[{"href":"https:\/\/nvnoticias.mx\/index.php\/wp-json\/wp\/v2\/posts"}],"about":[{"href":"https:\/\/nvnoticias.mx\/index.php\/wp-json\/wp\/v2\/types\/post"}],"author":[{"embeddable":true,"href":"https:\/\/nvnoticias.mx\/index.php\/wp-json\/wp\/v2\/users\/8"}],"replies":[{"embeddable":true,"href":"https:\/\/nvnoticias.mx\/index.php\/wp-json\/wp\/v2\/comments?post=118021"}],"version-history":[{"count":1,"href":"https:\/\/nvnoticias.mx\/index.php\/wp-json\/wp\/v2\/posts\/118021\/revisions"}],"predecessor-version":[{"id":118023,"href":"https:\/\/nvnoticias.mx\/index.php\/wp-json\/wp\/v2\/posts\/118021\/revisions\/118023"}],"wp:featuredmedia":[{"embeddable":true,"href":"https:\/\/nvnoticias.mx\/index.php\/wp-json\/wp\/v2\/media\/118022"}],"wp:attachment":[{"href":"https:\/\/nvnoticias.mx\/index.php\/wp-json\/wp\/v2\/media?parent=118021"}],"wp:term":[{"taxonomy":"category","embeddable":true,"href":"https:\/\/nvnoticias.mx\/index.php\/wp-json\/wp\/v2\/categories?post=118021"},{"taxonomy":"post_tag","embeddable":true,"href":"https:\/\/nvnoticias.mx\/index.php\/wp-json\/wp\/v2\/tags?post=118021"}],"curies":[{"name":"wp","href":"https:\/\/api.w.org\/{rel}","templated":true}]}}