{"id":117937,"date":"2023-08-21T20:33:30","date_gmt":"2023-08-22T01:33:30","guid":{"rendered":"https:\/\/nvnoticias.mx\/?p=117937"},"modified":"2023-08-21T20:33:31","modified_gmt":"2023-08-22T01:33:31","slug":"paunovic-tecnico-de-las-chivas-es-multado-por-criticar-a-los-arbitros","status":"publish","type":"post","link":"https:\/\/nvnoticias.mx\/index.php\/2023\/08\/21\/paunovic-tecnico-de-las-chivas-es-multado-por-criticar-a-los-arbitros\/","title":{"rendered":"Paunovic, t\u00e9cnico de las Chivas, es multado por criticar a los \u00e1rbitros"},"content":{"rendered":"\n<p>El director t\u00e9cnico del Club Guadalajara, Veljko Paunovic se hizo acreedor de una multa econ\u00f3mica luego de que en una conferencia de prensa puso en duda el trabajo de los \u00e1rbitros.<\/p>\n\n\n\n<p>A unos d\u00edas de sus declaraciones, la Comisi\u00f3n Disciplinaria opt\u00f3 por sancionar al t\u00e9cnico serbio por violar el reglamento, el cual establece que no se pueden hacer criticas p\u00fablicas a los silbantes.<\/p>\n\n\n\n<p>Por medio de un comunicado fue como la comisi\u00f3n dio a conocer la multa a Paunovic, aunque no revel\u00f3 detalles sobre el monto a pagar.<\/p>\n\n\n\n<p>Adem\u00e1s, se advirti\u00f3 al estratega que, en caso de continuar con sus declaraciones, las sanciones pueden ser mayores.<\/p>\n","protected":false},"excerpt":{"rendered":"<p>El director t\u00e9cnico del Club Guadalajara, Veljko Paunovic se hizo acreedor de una multa econ\u00f3mica luego de que en una conferencia de prensa puso en duda el trabajo de los \u00e1rbitros. A unos d\u00edas de sus declaraciones, la Comisi\u00f3n Disciplinaria opt\u00f3 por sancionar al t\u00e9cnico serbio por violar el reglamento, el cual establece que no [&hellip;]<\/p>\n","protected":false},"author":8,"featured_media":80756,"comment_status":"open","ping_status":"open","sticky":false,"template":"","format":"standard","meta":{"_monsterinsights_skip_tracking":false,"_monsterinsights_sitenote_active":false,"_monsterinsights_sitenote_note":"","_monsterinsights_sitenote_category":0,"footnotes":""},"categories":[159],"tags":[816,5193,20700],"class_list":["post-117937","post","type-post","status-publish","format-standard","has-post-thumbnail","hentry","category-deportes","tag-chivas","tag-multa","tag-veljko-paunovic","wp-image-borders"],"amp_enabled":true,"_links":{"self":[{"href":"https:\/\/nvnoticias.mx\/index.php\/wp-json\/wp\/v2\/posts\/117937","targetHints":{"allow":["GET"]}}],"collection":[{"href":"https:\/\/nvnoticias.mx\/index.php\/wp-json\/wp\/v2\/posts"}],"about":[{"href":"https:\/\/nvnoticias.mx\/index.php\/wp-json\/wp\/v2\/types\/post"}],"author":[{"embeddable":true,"href":"https:\/\/nvnoticias.mx\/index.php\/wp-json\/wp\/v2\/users\/8"}],"replies":[{"embeddable":true,"href":"https:\/\/nvnoticias.mx\/index.php\/wp-json\/wp\/v2\/comments?post=117937"}],"version-history":[{"count":1,"href":"https:\/\/nvnoticias.mx\/index.php\/wp-json\/wp\/v2\/posts\/117937\/revisions"}],"predecessor-version":[{"id":117938,"href":"https:\/\/nvnoticias.mx\/index.php\/wp-json\/wp\/v2\/posts\/117937\/revisions\/117938"}],"wp:featuredmedia":[{"embeddable":true,"href":"https:\/\/nvnoticias.mx\/index.php\/wp-json\/wp\/v2\/media\/80756"}],"wp:attachment":[{"href":"https:\/\/nvnoticias.mx\/index.php\/wp-json\/wp\/v2\/media?parent=117937"}],"wp:term":[{"taxonomy":"category","embeddable":true,"href":"https:\/\/nvnoticias.mx\/index.php\/wp-json\/wp\/v2\/categories?post=117937"},{"taxonomy":"post_tag","embeddable":true,"href":"https:\/\/nvnoticias.mx\/index.php\/wp-json\/wp\/v2\/tags?post=117937"}],"curies":[{"name":"wp","href":"https:\/\/api.w.org\/{rel}","templated":true}]}}