{"id":117733,"date":"2023-08-19T15:04:06","date_gmt":"2023-08-19T20:04:06","guid":{"rendered":"https:\/\/nvnoticias.mx\/?p=117733"},"modified":"2023-08-19T15:04:06","modified_gmt":"2023-08-19T20:04:06","slug":"anuncia-canelo-alvarez-la-fecha-para-su-retiro-del-boxeo","status":"publish","type":"post","link":"https:\/\/nvnoticias.mx\/index.php\/2023\/08\/19\/anuncia-canelo-alvarez-la-fecha-para-su-retiro-del-boxeo\/","title":{"rendered":"Anuncia Canelo \u00c1lvarez la fecha para su retiro del boxeo"},"content":{"rendered":"\n<p>Sa\u00fal \u2018Canelo\u2019 \u00c1lvarez en esta semana realiz\u00f3 la gira promocional de su pelea ante Jermell Charlo, durante una entrevista adelant\u00f3 cu\u00e1ndo piensa retirarse del boxeo profesional.<\/p>\n\n\n\n<blockquote class=\"wp-block-quote is-layout-flow wp-block-quote-is-layout-flow\"><p>\u201cCreo que t<strong>engo cuatro a\u00f1os m\u00e1s, cinco a\u00f1os<\/strong>, tal vez, he estado en el boxeo profesional desde que ten\u00eda 15 a\u00f1os, son casi 18 a\u00f1os peleando profesionalmente\u201d, dijo el Canelo en el podcast Breakfast Club.<\/p><\/blockquote>\n\n\n\n<p>El pugilista tapat\u00edo tiene 33 a\u00f1os de edad, sabe que se <strong>est\u00e1 entrando a la recta final de su carrera<\/strong>, misma que quiere dejar antes de vivir un declive en el ring, sus planes tras colgar los guantes es disfrutar de su familia.<\/p>\n\n\n\n<blockquote class=\"wp-block-quote is-layout-flow wp-block-quote-is-layout-flow\"><p>\u201cSiempre dije (que me retirar\u00eda) de 36 o 37, alrededor de esa edad. Eso ser\u00e1 suficiente, son muchos a\u00f1os en el boxeo, habr\u00e9 logrado muchas cosas y luego tendr\u00e9 que disfrutar mi vida con mi familia y todo\u201d, a\u00f1adi\u00f3 el mexicano.<\/p><\/blockquote>\n\n\n\n<p>Hoy, el Canelo \u00c1lvarez es el campe\u00f3n indiscutido de los supermedianos, esto lo consigui\u00f3 desde 2021 y hasta la fecha se mantiene con los t\u00edtulos de la AMB, OMB, CMB y FIB.<\/p>\n\n\n\n<p>Dichos cinturones los pondr\u00e1 en juego frente a\u00a0Jermell Charlo.<\/p>\n\n\n\n<p>Fuente: <a href=\"https:\/\/www.eluniversal.com.mx\/deportes\/canelo-alvarez-anuncio-la-fecha-para-su-retiro-del-boxeo-tendre-que-disfrutar-mi-vida\/\">El Universal<\/a><\/p>\n","protected":false},"excerpt":{"rendered":"<p>Sa\u00fal \u2018Canelo\u2019 \u00c1lvarez en esta semana realiz\u00f3 la gira promocional de su pelea ante Jermell Charlo, durante una entrevista adelant\u00f3 cu\u00e1ndo piensa retirarse del boxeo profesional. \u201cCreo que tengo cuatro a\u00f1os m\u00e1s, cinco a\u00f1os, tal vez, he estado en el boxeo profesional desde que ten\u00eda 15 a\u00f1os, son casi 18 a\u00f1os peleando profesionalmente\u201d, dijo el [&hellip;]<\/p>\n","protected":false},"author":6,"featured_media":117734,"comment_status":"open","ping_status":"open","sticky":false,"template":"","format":"standard","meta":{"_monsterinsights_skip_tracking":false,"_monsterinsights_sitenote_active":false,"_monsterinsights_sitenote_note":"","_monsterinsights_sitenote_category":0,"footnotes":""},"categories":[159],"tags":[459],"class_list":["post-117733","post","type-post","status-publish","format-standard","has-post-thumbnail","hentry","category-deportes","tag-canelo-alvarez","wp-image-borders"],"amp_enabled":true,"_links":{"self":[{"href":"https:\/\/nvnoticias.mx\/index.php\/wp-json\/wp\/v2\/posts\/117733","targetHints":{"allow":["GET"]}}],"collection":[{"href":"https:\/\/nvnoticias.mx\/index.php\/wp-json\/wp\/v2\/posts"}],"about":[{"href":"https:\/\/nvnoticias.mx\/index.php\/wp-json\/wp\/v2\/types\/post"}],"author":[{"embeddable":true,"href":"https:\/\/nvnoticias.mx\/index.php\/wp-json\/wp\/v2\/users\/6"}],"replies":[{"embeddable":true,"href":"https:\/\/nvnoticias.mx\/index.php\/wp-json\/wp\/v2\/comments?post=117733"}],"version-history":[{"count":1,"href":"https:\/\/nvnoticias.mx\/index.php\/wp-json\/wp\/v2\/posts\/117733\/revisions"}],"predecessor-version":[{"id":117735,"href":"https:\/\/nvnoticias.mx\/index.php\/wp-json\/wp\/v2\/posts\/117733\/revisions\/117735"}],"wp:featuredmedia":[{"embeddable":true,"href":"https:\/\/nvnoticias.mx\/index.php\/wp-json\/wp\/v2\/media\/117734"}],"wp:attachment":[{"href":"https:\/\/nvnoticias.mx\/index.php\/wp-json\/wp\/v2\/media?parent=117733"}],"wp:term":[{"taxonomy":"category","embeddable":true,"href":"https:\/\/nvnoticias.mx\/index.php\/wp-json\/wp\/v2\/categories?post=117733"},{"taxonomy":"post_tag","embeddable":true,"href":"https:\/\/nvnoticias.mx\/index.php\/wp-json\/wp\/v2\/tags?post=117733"}],"curies":[{"name":"wp","href":"https:\/\/api.w.org\/{rel}","templated":true}]}}