{"id":117477,"date":"2023-08-17T14:04:40","date_gmt":"2023-08-17T19:04:40","guid":{"rendered":"https:\/\/nvnoticias.mx\/?p=117477"},"modified":"2023-08-17T14:04:41","modified_gmt":"2023-08-17T19:04:41","slug":"piden-donar-viveres-para-entregar-a-afectados-de-las-lluvias-en-zongolica","status":"publish","type":"post","link":"https:\/\/nvnoticias.mx\/index.php\/2023\/08\/17\/piden-donar-viveres-para-entregar-a-afectados-de-las-lluvias-en-zongolica\/","title":{"rendered":"Piden donar v\u00edveres para entregar a afectados de las lluvias en Zongolica"},"content":{"rendered":"\n<p><strong>Jes\u00fas Utrilla \/ NV Noticias <\/strong><\/p>\n\n\n\n<p>La directora general del Instituto Veracruzano de Asuntos Ind\u00edgenas, Mar\u00eda Luisa Santos Santos, pidi\u00f3 a la comunidad brindar apoyo a los damnificados por las devastadoras inundaciones que azotaron la sierra de Zongolica. <\/p>\n\n\n\n<p>Tras las intensas lluvias de semanas recientes, se activ\u00f3 el Plan DN-III-E con el prop\u00f3sito de auxiliar a las poblaciones afectadas en la regi\u00f3n.<\/p>\n\n\n\n<p>Autoridades estatales y municipales se unen en una acci\u00f3n conjunta para garantizar la entrega de ayuda a aquellos afectados por las inundaciones. <\/p>\n\n\n\n<p>Santos Santos enfatiz\u00f3 el papel crucial desempe\u00f1ado por Protecci\u00f3n Civil estatal y otras instituciones en la zona, incluyendo su propio organismo. <\/p>\n\n\n\n<p>En este contexto, anunci\u00f3 sus planes de visitar la zona la pr\u00f3xima semana para encabezar la entrega de apoyos en nombre del gobernador.<\/p>\n\n\n\n<p>La directora inst\u00f3 a la comunidad a demostrar sensibilidad y solidaridad hacia los damnificados, especialmente considerando que el Centro de Acopio en los bajos del palacio de gobierno experiment\u00f3 una respuesta m\u00e1s baja de lo anticipado. <\/p>\n\n\n\n<p>Aunque muchas comunidades se salvaron de da\u00f1os, algunas situadas en las riberas de arroyos enfrentaron dificultades significativas.<\/p>\n\n\n\n<blockquote class=\"wp-block-quote is-layout-flow wp-block-quote-is-layout-flow\"><p>&#8220;En aras de reflejar el esp\u00edritu de la Semana Internacional de los Pueblos Ind\u00edgenas, estaremos recolectando donaciones de v\u00edveres, zapatos y cobijas&#8221;, afirm\u00f3 Santos Santos. <\/p><\/blockquote>\n\n\n\n<p>Adem\u00e1s, se\u00f1al\u00f3 que la radio comunitaria local sufri\u00f3 da\u00f1os debido a las inundaciones, pero se est\u00e1n tomando medidas para su restauraci\u00f3n y continuaci\u00f3n de labores en beneficio de la comunidad.<\/p>\n\n\n\n<p>Con un llamado en\u00e9rgico a la acci\u00f3n y una colaboraci\u00f3n s\u00f3lida entre diversas instituciones, se espera lograr un alivio efectivo y un respaldo significativo para los damnificados en la regi\u00f3n de Zongolica.<\/p>\n","protected":false},"excerpt":{"rendered":"<p>Jes\u00fas Utrilla \/ NV Noticias La directora general del Instituto Veracruzano de Asuntos Ind\u00edgenas, Mar\u00eda Luisa Santos Santos, pidi\u00f3 a la comunidad brindar apoyo a los damnificados por las devastadoras inundaciones que azotaron la sierra de Zongolica. Tras las intensas lluvias de semanas recientes, se activ\u00f3 el Plan DN-III-E con el prop\u00f3sito de auxiliar a [&hellip;]<\/p>\n","protected":false},"author":8,"featured_media":117478,"comment_status":"open","ping_status":"open","sticky":false,"template":"","format":"standard","meta":{"_monsterinsights_skip_tracking":false,"_monsterinsights_sitenote_active":false,"_monsterinsights_sitenote_note":"","_monsterinsights_sitenote_category":0,"footnotes":""},"categories":[154],"tags":[1666,26845,2065],"class_list":["post-117477","post","type-post","status-publish","format-standard","has-post-thumbnail","hentry","category-veracruz","tag-afectados","tag-viveres","tag-zongolica","wp-image-borders"],"amp_enabled":true,"_links":{"self":[{"href":"https:\/\/nvnoticias.mx\/index.php\/wp-json\/wp\/v2\/posts\/117477","targetHints":{"allow":["GET"]}}],"collection":[{"href":"https:\/\/nvnoticias.mx\/index.php\/wp-json\/wp\/v2\/posts"}],"about":[{"href":"https:\/\/nvnoticias.mx\/index.php\/wp-json\/wp\/v2\/types\/post"}],"author":[{"embeddable":true,"href":"https:\/\/nvnoticias.mx\/index.php\/wp-json\/wp\/v2\/users\/8"}],"replies":[{"embeddable":true,"href":"https:\/\/nvnoticias.mx\/index.php\/wp-json\/wp\/v2\/comments?post=117477"}],"version-history":[{"count":1,"href":"https:\/\/nvnoticias.mx\/index.php\/wp-json\/wp\/v2\/posts\/117477\/revisions"}],"predecessor-version":[{"id":117479,"href":"https:\/\/nvnoticias.mx\/index.php\/wp-json\/wp\/v2\/posts\/117477\/revisions\/117479"}],"wp:featuredmedia":[{"embeddable":true,"href":"https:\/\/nvnoticias.mx\/index.php\/wp-json\/wp\/v2\/media\/117478"}],"wp:attachment":[{"href":"https:\/\/nvnoticias.mx\/index.php\/wp-json\/wp\/v2\/media?parent=117477"}],"wp:term":[{"taxonomy":"category","embeddable":true,"href":"https:\/\/nvnoticias.mx\/index.php\/wp-json\/wp\/v2\/categories?post=117477"},{"taxonomy":"post_tag","embeddable":true,"href":"https:\/\/nvnoticias.mx\/index.php\/wp-json\/wp\/v2\/tags?post=117477"}],"curies":[{"name":"wp","href":"https:\/\/api.w.org\/{rel}","templated":true}]}}