{"id":117221,"date":"2023-08-15T13:53:35","date_gmt":"2023-08-15T18:53:35","guid":{"rendered":"https:\/\/nvnoticias.mx\/?p=117221"},"modified":"2023-08-15T13:53:37","modified_gmt":"2023-08-15T18:53:37","slug":"miguel-angel-mancera-reclama-ante-el-tepjf-exclusion-de-la-segunda-etapa-en-proceso-del-frente-amplio-por-mexico","status":"publish","type":"post","link":"https:\/\/nvnoticias.mx\/index.php\/2023\/08\/15\/miguel-angel-mancera-reclama-ante-el-tepjf-exclusion-de-la-segunda-etapa-en-proceso-del-frente-amplio-por-mexico\/","title":{"rendered":"Miguel \u00c1ngel Mancera reclama ante el TEPJF exclusi\u00f3n de la segunda etapa en proceso del Frente Amplio por M\u00e9xico"},"content":{"rendered":"\n<p>Miguel \u00c1ngel Mancera es uno de los aspirantes a la candidatura presidencial del Frente Amplio por M\u00e9xico que manifest\u00f3 su rechazo a la exclusi\u00f3n de la que, se\u00f1alaron, fueron parte pese a haber cumplido con el requisito de firmas establecido por el Comit\u00e9 Organizador, motivo por el que present\u00f3 una impugnaci\u00f3n.<\/p>\n\n\n\n<p>El senador del PRD reclam\u00f3 hace una semana que pese a que cumpli\u00f3 con la expectativa de 150 mil apoyos ciudadanos no fue contemplado para la segunda fase de la contienda interna en la que tambi\u00e9n participaron aspirantes del PAN y el PRI.<\/p>\n\n\n\n<p>La impugnaci\u00f3n fue presentada ante el Tribunal Electoral del Poder Judicial de la Federaci\u00f3n (TEPJF), y ya ha sido turnada a a una magistrada de la Sala Superior, quien ser\u00e1 la encargada de realizar el an\u00e1lisis del juicio de protecci\u00f3n de derechos electorales y presentar una propuesta de resoluci\u00f3n.<\/p>\n\n\n\n<p>De tal forma que ser\u00e1 la magistrada M\u00f3nica Aral\u00ed Soto Fregoso quien estar\u00e1 a cargo de este asunto que resolver\u00e1 la validez del proceso del Frente Amplio por M\u00e9xico, luego de que su listado se depurara hasta quedar s\u00f3lo cuatro aspirantes.<\/p>\n\n\n\n<p>Actualmente se encuentran en la segunda fase Enrique de la Madrid y Beatriz Paredes del PRi, as\u00ed como X\u00f3chitl G\u00e1lvez y Santiago Creel por parte del PAN.<\/p>\n\n\n\n<p>Fuente: <a href=\"https:\/\/www.infobae.com\/mexico\/2023\/08\/15\/miguel-angel-mancera-reclama-ante-el-tepjf-exclusion-de-la-segunda-etapa-en-proceso-del-frente-amplio-por-mexico\/\">Infobae<\/a><\/p>\n","protected":false},"excerpt":{"rendered":"<p>Miguel \u00c1ngel Mancera es uno de los aspirantes a la candidatura presidencial del Frente Amplio por M\u00e9xico que manifest\u00f3 su rechazo a la exclusi\u00f3n de la que, se\u00f1alaron, fueron parte pese a haber cumplido con el requisito de firmas establecido por el Comit\u00e9 Organizador, motivo por el que present\u00f3 una impugnaci\u00f3n. El senador del PRD [&hellip;]<\/p>\n","protected":false},"author":8,"featured_media":95759,"comment_status":"open","ping_status":"open","sticky":false,"template":"","format":"standard","meta":{"_monsterinsights_skip_tracking":false,"_monsterinsights_sitenote_active":false,"_monsterinsights_sitenote_note":"","_monsterinsights_sitenote_category":0,"footnotes":""},"categories":[158],"tags":[2562],"class_list":["post-117221","post","type-post","status-publish","format-standard","has-post-thumbnail","hentry","category-politica","tag-miguel-angel-mancera","wp-image-borders"],"amp_enabled":true,"_links":{"self":[{"href":"https:\/\/nvnoticias.mx\/index.php\/wp-json\/wp\/v2\/posts\/117221","targetHints":{"allow":["GET"]}}],"collection":[{"href":"https:\/\/nvnoticias.mx\/index.php\/wp-json\/wp\/v2\/posts"}],"about":[{"href":"https:\/\/nvnoticias.mx\/index.php\/wp-json\/wp\/v2\/types\/post"}],"author":[{"embeddable":true,"href":"https:\/\/nvnoticias.mx\/index.php\/wp-json\/wp\/v2\/users\/8"}],"replies":[{"embeddable":true,"href":"https:\/\/nvnoticias.mx\/index.php\/wp-json\/wp\/v2\/comments?post=117221"}],"version-history":[{"count":1,"href":"https:\/\/nvnoticias.mx\/index.php\/wp-json\/wp\/v2\/posts\/117221\/revisions"}],"predecessor-version":[{"id":117222,"href":"https:\/\/nvnoticias.mx\/index.php\/wp-json\/wp\/v2\/posts\/117221\/revisions\/117222"}],"wp:featuredmedia":[{"embeddable":true,"href":"https:\/\/nvnoticias.mx\/index.php\/wp-json\/wp\/v2\/media\/95759"}],"wp:attachment":[{"href":"https:\/\/nvnoticias.mx\/index.php\/wp-json\/wp\/v2\/media?parent=117221"}],"wp:term":[{"taxonomy":"category","embeddable":true,"href":"https:\/\/nvnoticias.mx\/index.php\/wp-json\/wp\/v2\/categories?post=117221"},{"taxonomy":"post_tag","embeddable":true,"href":"https:\/\/nvnoticias.mx\/index.php\/wp-json\/wp\/v2\/tags?post=117221"}],"curies":[{"name":"wp","href":"https:\/\/api.w.org\/{rel}","templated":true}]}}