{"id":117101,"date":"2023-08-14T13:46:50","date_gmt":"2023-08-14T18:46:50","guid":{"rendered":"https:\/\/nvnoticias.mx\/?p=117101"},"modified":"2023-08-14T13:46:52","modified_gmt":"2023-08-14T18:46:52","slug":"alentadora-la-llegada-de-marco-antonio-bandala-lopez-a-la-aduana-de-veracruz","status":"publish","type":"post","link":"https:\/\/nvnoticias.mx\/index.php\/2023\/08\/14\/alentadora-la-llegada-de-marco-antonio-bandala-lopez-a-la-aduana-de-veracruz\/","title":{"rendered":"Alentadora la llegada de Marco Antonio Bandala L\u00f3pez a la Aduana de Veracruz"},"content":{"rendered":"\n<p><strong>Jes\u00fas Utrilla \/ NV Noticias<\/strong><\/p>\n\n\n\n<p>La llegada de Marco Antonio Bandala L\u00f3pez a la Aduana de Veracruz traer\u00e1 mejoras al recinto portuario, consider\u00f3 Ram\u00f3n G\u00f3mez Barqu\u00edn, agente aduanal.<\/p>\n\n\n\n<p>Tras el relevo de Fernando Rub\u00e9n Guerrero Alc\u00e1ntar, G\u00f3mez Barqu\u00edn resalta la importancia de los cambios y la esperanza de resultados positivos en esta nueva etapa.<\/p>\n\n\n\n<p>Por su parte, Fernando Rub\u00e9n Guerrero Alc\u00e1ntar asumir\u00e1 otro cargo en la Agencia Nacional de Aduanas de M\u00e9xico.&nbsp;<\/p>\n\n\n\n<p>Mientras tanto, seg\u00fan datos proporcionados por la Administraci\u00f3n del Sistema Portuario de Veracruz, S.A. de C.V. (Asipona Veracruz), se prev\u00e9 un r\u00e9cord en la actividad del Puerto de Veracruz este a\u00f1o, con m\u00e1s de 35 millones de toneladas de mercanc\u00eda movilizadas.&nbsp;<\/p>\n\n\n\n<p>Ram\u00f3n G\u00f3mez Barqu\u00edn comenta que esta cifra hist\u00f3rica es resultado de los esfuerzos en conjunto y la reciente expansi\u00f3n del puerto.<\/p>\n\n\n\n<p>El agente aduanal desestima la preocupaci\u00f3n por falta de espacio en los muelles y congesti\u00f3n de embarcaciones en el fondeadero.&nbsp;<\/p>\n\n\n\n<blockquote class=\"wp-block-quote is-layout-flow wp-block-quote-is-layout-flow\"><p>&#8220;<em>La capacidad de los muelles est\u00e1 bien, especialmente gracias a la expansi\u00f3n de la bah\u00eda norte, que ha evitado dificultades significativas<\/em>&#8220;<\/p><\/blockquote>\n\n\n\n<p>Destaca que las obras de ampliaci\u00f3n han aumentado la capacidad para la carga y descarga de mercanc\u00edas de importaci\u00f3n y exportaci\u00f3n en el puerto.<\/p>\n","protected":false},"excerpt":{"rendered":"<p>Jes\u00fas Utrilla \/ NV Noticias La llegada de Marco Antonio Bandala L\u00f3pez a la Aduana de Veracruz traer\u00e1 mejoras al recinto portuario, consider\u00f3 Ram\u00f3n G\u00f3mez Barqu\u00edn, agente aduanal. Tras el relevo de Fernando Rub\u00e9n Guerrero Alc\u00e1ntar, G\u00f3mez Barqu\u00edn resalta la importancia de los cambios y la esperanza de resultados positivos en esta nueva etapa. Por [&hellip;]<\/p>\n","protected":false},"author":8,"featured_media":117102,"comment_status":"open","ping_status":"open","sticky":false,"template":"","format":"standard","meta":{"_monsterinsights_skip_tracking":false,"_monsterinsights_sitenote_active":false,"_monsterinsights_sitenote_note":"","_monsterinsights_sitenote_category":0,"footnotes":""},"categories":[154],"tags":[20148,26812,26813],"class_list":["post-117101","post","type-post","status-publish","format-standard","has-post-thumbnail","hentry","category-veracruz","tag-aduana-del-puerto-de-veracruz","tag-marco-antonio-bandala","tag-ramon-gomez-barquin","wp-image-borders"],"amp_enabled":true,"_links":{"self":[{"href":"https:\/\/nvnoticias.mx\/index.php\/wp-json\/wp\/v2\/posts\/117101","targetHints":{"allow":["GET"]}}],"collection":[{"href":"https:\/\/nvnoticias.mx\/index.php\/wp-json\/wp\/v2\/posts"}],"about":[{"href":"https:\/\/nvnoticias.mx\/index.php\/wp-json\/wp\/v2\/types\/post"}],"author":[{"embeddable":true,"href":"https:\/\/nvnoticias.mx\/index.php\/wp-json\/wp\/v2\/users\/8"}],"replies":[{"embeddable":true,"href":"https:\/\/nvnoticias.mx\/index.php\/wp-json\/wp\/v2\/comments?post=117101"}],"version-history":[{"count":1,"href":"https:\/\/nvnoticias.mx\/index.php\/wp-json\/wp\/v2\/posts\/117101\/revisions"}],"predecessor-version":[{"id":117103,"href":"https:\/\/nvnoticias.mx\/index.php\/wp-json\/wp\/v2\/posts\/117101\/revisions\/117103"}],"wp:featuredmedia":[{"embeddable":true,"href":"https:\/\/nvnoticias.mx\/index.php\/wp-json\/wp\/v2\/media\/117102"}],"wp:attachment":[{"href":"https:\/\/nvnoticias.mx\/index.php\/wp-json\/wp\/v2\/media?parent=117101"}],"wp:term":[{"taxonomy":"category","embeddable":true,"href":"https:\/\/nvnoticias.mx\/index.php\/wp-json\/wp\/v2\/categories?post=117101"},{"taxonomy":"post_tag","embeddable":true,"href":"https:\/\/nvnoticias.mx\/index.php\/wp-json\/wp\/v2\/tags?post=117101"}],"curies":[{"name":"wp","href":"https:\/\/api.w.org\/{rel}","templated":true}]}}