{"id":117021,"date":"2023-08-13T16:43:00","date_gmt":"2023-08-13T21:43:00","guid":{"rendered":"https:\/\/nvnoticias.mx\/?p=117021"},"modified":"2023-08-14T02:45:52","modified_gmt":"2023-08-14T07:45:52","slug":"reportan-primeros-casos-de-eris-en-mexico-la-nueva-subvariante-del-covid-19","status":"publish","type":"post","link":"https:\/\/nvnoticias.mx\/index.php\/2023\/08\/13\/reportan-primeros-casos-de-eris-en-mexico-la-nueva-subvariante-del-covid-19\/","title":{"rendered":"Reportan primeros casos de Eris en M\u00e9xico; la nueva subvariante del COVID-19"},"content":{"rendered":"\n<p>En M\u00e9xico se tienen registrados dos casos de la\u00a0nueva variante de covid-19\u00a0conocida por su nombre cient\u00edfico EG.5 y denominada coloquialmente como\u00a0<strong>Eris<\/strong>.<\/p>\n\n\n\n<p>Se trata de una cepa del coronavirus clasificada por la Organizaci\u00f3n Mundial de la Salud (OMS) de inter\u00e9s que empez\u00f3 a circular en China, Estados Unidos y en Canad\u00e1 para luego propagarse, r\u00e1pidamente,\u00a0<strong>en m\u00e1s de 50 pa\u00edses debido a su alta capacidad de transmitirse y de evadir la inmunidad<\/strong>\u00a0adquirida por vacuna o contagio.<\/p>\n\n\n\n<p>De acuerdo con la plataforma GISAID (Global Initiative on Sharing All Influenza Data),&nbsp;<strong>Eris lleg\u00f3 a M\u00e9xico desde junio&nbsp;<\/strong>a la Ciudad de M\u00e9xico.<\/p>\n\n\n\n<p>El<strong>&nbsp;primer caso se report\u00f3 en una mujer de 49 a\u00f1os&nbsp;<\/strong>que acudi\u00f3 al Instituto Nacional de Medicina Gen\u00f3mica (Inmegen) el pasado 14 de junio de 2023, y la cual carece de antecedentes de registro de viajes previos al extranjero.<\/p>\n\n\n\n<p>La confirmaci\u00f3n de que la mujer ten\u00eda&nbsp;<strong>Eris, esta nueva cepa de inter\u00e9s<\/strong>, la public\u00f3 el Inmegen en GISAID con fecha de 4 de julio de 2023, en cuyo reporte se sugiri\u00f3 la vigilancia activa epidemiol\u00f3gica de la paciente cuyo estatus de estado de salud se desconoce.<\/p>\n\n\n\n<p>El&nbsp;<strong>segundo caso positivo<\/strong>&nbsp;de la nueva variante de inter\u00e9s de covid-19 se registr\u00f3 en un hombre de 63 a\u00f1os, igual de la Ciudad de M\u00e9xico.<\/p>\n\n\n\n<p>De igual forma, acudi\u00f3 al Inmegen donde se le hizo el hisopado nasofar\u00edngeo el pasado 6 de julio de 2023 y la confirmaci\u00f3n de que se trata de Eris se public\u00f3 el 17 de julio.<\/p>\n\n\n\n<h2 class=\"wp-block-heading\">\u00bfCu\u00e1les son los s\u00edntomas de variante de covid Eris?<\/h2>\n\n\n\n<p>Ambos pacientes&nbsp;<strong>reportaron tener un cuadro de fiebre, dolor de cabeza, muscular y del cuerpo en general<\/strong>. Asimismo, dificultad para respirar, tos, estornudos y mucosidad.<\/p>\n\n\n\n<p>En la base de datos tambi\u00e9n se inform\u00f3 que el hombre de 63 a\u00f1os se encuentra bajo vigilancia epidemiol\u00f3gica, aunque se desconoce su estado de salud.<\/p>\n\n\n\n<p>El pasado 8 de agosto, la<strong>&nbsp;Organizaci\u00f3n Mundial de la Salud (OMS) alert\u00f3 sobre la nueva variante EG.5<\/strong>, tambi\u00e9n conocida como Eris, detectada el 17 de febrero y registrada en m\u00e1s de 50 pa\u00edses.<\/p>\n\n\n\n<p>La OMS tambi\u00e9n dej\u00f3 en claro que&nbsp;<strong>Eris \u201cno parece suponer una amenaza mayor para la salud p\u00fablica&nbsp;<\/strong>que las otras que se han descubierto desde que surgi\u00f3 el virus\u201d.<\/p>\n\n\n\n<p>Sin embargo, \u201cla variante es de r\u00e1pida propagaci\u00f3n, es la m\u00e1s prevalente en Estados Unidos con m\u00e1s del 17 por ciento de los casos estimados, est\u00e1 detr\u00e1s de los repuntes del coronoavirus en todo el pa\u00eds y tambi\u00e9n se ha detectado en China, Corea del Sur, Jap\u00f3n y Canad\u00e1\u201d.<\/p>\n\n\n\n<blockquote class=\"wp-block-quote is-layout-flow wp-block-quote-is-layout-flow\"><p>\u201cEn conjunto, las pruebas disponibles no sugieren que EG.5 presente riesgos adicionales para la salud p\u00fablica en relaci\u00f3n con los otros linajes descendientes de Omicron que circulan actualmente\u201d, afirm\u00f3 la OMS en una evaluaci\u00f3n de riesgos.<\/p><\/blockquote>\n\n\n\n<p>La OMS tambi\u00e9n aclar\u00f3 que se har\u00e1 una evaluaci\u00f3n m\u00e1s exhaustiva de riesgos de EG.5 y, paralelamente, convoc\u00f3 a las autoridades sanitarias a incrementar la vigilancia epidemiol\u00f3gica y aplicar refuerzos.<\/p>\n\n\n\n<p>Eris proviene de la nomenclatura griega y as\u00ed se le denomin\u00f3 coloquialmente. Aunque la OMS aun no la llama as\u00ed oficialmente.<\/p>\n\n\n\n<p>El director general, Tedros Adhanom Ghebreyesus, recrimin\u00f3 que muchos pa\u00edses no est\u00e9n notificando los datos de covid-19 a la OMS, e inform\u00f3 que s\u00f3lo el 11 por ciento hab\u00eda reportado hospitalizaciones e ingresos en UCI relacionados con el virus.<\/p>\n\n\n\n<p>Por ello, la OMS emiti\u00f3 recomendaciones permanentes como reportar los casos de mortalidad y morbilidad.<\/p>\n\n\n\n<p>La OMS afirm\u00f3 que la ausencia de datos de muchos pa\u00edses estaba obstaculizando los esfuerzos de lucha contra el virus, de ah\u00ed que sugiriera tambi\u00e9n el uso de mascarillas, sobre todo en entornos muy concurridos y ventilar regularmente los ambientes cerrados.<\/p>\n\n\n\n<p>Esta variante est\u00e1 relacionada con la subvariante de \u00f3micron XBB.1.9.2, y, seg\u00fan se\u00f1ala la OMS,\u00a0<strong>est\u00e1 aumentando su prevalencia en el mundo<\/strong>, lo que refleja que \u201ccovid-19 no ha desaparecido y esperamos verlo circular m\u00e1s ampliamente en los meses de invierno, con un aumento del n\u00famero de enfermos\u201d, se\u00f1al\u00f3 Mary Ramsay, directora de los programas de salud p\u00fablica de la Agencia de Seguridad Sanitaria de Reino Unido.<\/p>\n\n\n\n<p>Los s\u00edntomas pueden confundirse f\u00e1cilmente con los de una gripe.<\/p>\n\n\n\n<p>En M\u00e9xico, como en otras partes del mundo, donde covid ya no es una emergencia sanitaria y muchos de los centros habilitados dejaron de hacer de manera constante las pruebas de detecci\u00f3n PCR. Se est\u00e1 cursando la enfermedad sin identificarla como tal.<\/p>\n\n\n\n<p>En el mundo, m\u00e1s de 6.9 millones de personas en todo el mundo han muerto por covid-19, con m\u00e1s de 768 millones de casos confirmados desde la aparici\u00f3n del virus. La OMS declar\u00f3 el brote pand\u00e9mico en marzo de 2020 y puso fin al estado de emergencia mundial en mayo pasado.<\/p>\n\n\n\n<p>Fuente: <a href=\"https:\/\/www.milenio.com\/politica\/comunidad\/eris-detectan-mexico-2-casos-variante-covid\">Milenio<\/a><\/p>\n","protected":false},"excerpt":{"rendered":"<p>En M\u00e9xico se tienen registrados dos casos de la\u00a0nueva variante de covid-19\u00a0conocida por su nombre cient\u00edfico EG.5 y denominada coloquialmente como\u00a0Eris. Se trata de una cepa del coronavirus clasificada por la Organizaci\u00f3n Mundial de la Salud (OMS) de inter\u00e9s que empez\u00f3 a circular en China, Estados Unidos y en Canad\u00e1 para luego propagarse, r\u00e1pidamente,\u00a0en m\u00e1s [&hellip;]<\/p>\n","protected":false},"author":7,"featured_media":18656,"comment_status":"open","ping_status":"open","sticky":false,"template":"","format":"standard","meta":{"_monsterinsights_skip_tracking":false,"_monsterinsights_sitenote_active":false,"_monsterinsights_sitenote_note":"","_monsterinsights_sitenote_category":0,"footnotes":""},"categories":[157],"tags":[2317,175,26801,292,162,1336],"class_list":["post-117021","post","type-post","status-publish","format-standard","has-post-thumbnail","hentry","category-nacional","tag-casos","tag-covid-19","tag-eris","tag-mexico","tag-portada","tag-variante","wp-image-borders"],"amp_enabled":true,"_links":{"self":[{"href":"https:\/\/nvnoticias.mx\/index.php\/wp-json\/wp\/v2\/posts\/117021","targetHints":{"allow":["GET"]}}],"collection":[{"href":"https:\/\/nvnoticias.mx\/index.php\/wp-json\/wp\/v2\/posts"}],"about":[{"href":"https:\/\/nvnoticias.mx\/index.php\/wp-json\/wp\/v2\/types\/post"}],"author":[{"embeddable":true,"href":"https:\/\/nvnoticias.mx\/index.php\/wp-json\/wp\/v2\/users\/7"}],"replies":[{"embeddable":true,"href":"https:\/\/nvnoticias.mx\/index.php\/wp-json\/wp\/v2\/comments?post=117021"}],"version-history":[{"count":1,"href":"https:\/\/nvnoticias.mx\/index.php\/wp-json\/wp\/v2\/posts\/117021\/revisions"}],"predecessor-version":[{"id":117022,"href":"https:\/\/nvnoticias.mx\/index.php\/wp-json\/wp\/v2\/posts\/117021\/revisions\/117022"}],"wp:featuredmedia":[{"embeddable":true,"href":"https:\/\/nvnoticias.mx\/index.php\/wp-json\/wp\/v2\/media\/18656"}],"wp:attachment":[{"href":"https:\/\/nvnoticias.mx\/index.php\/wp-json\/wp\/v2\/media?parent=117021"}],"wp:term":[{"taxonomy":"category","embeddable":true,"href":"https:\/\/nvnoticias.mx\/index.php\/wp-json\/wp\/v2\/categories?post=117021"},{"taxonomy":"post_tag","embeddable":true,"href":"https:\/\/nvnoticias.mx\/index.php\/wp-json\/wp\/v2\/tags?post=117021"}],"curies":[{"name":"wp","href":"https:\/\/api.w.org\/{rel}","templated":true}]}}