{"id":117005,"date":"2023-08-13T18:16:20","date_gmt":"2023-08-13T23:16:20","guid":{"rendered":"https:\/\/nvnoticias.mx\/?p=117005"},"modified":"2023-08-13T18:16:22","modified_gmt":"2023-08-13T23:16:22","slug":"impone-laura-galvan-nuevo-record-en-los-mil-500-metros-planos-y-logra-medalla-de-plata","status":"publish","type":"post","link":"https:\/\/nvnoticias.mx\/index.php\/2023\/08\/13\/impone-laura-galvan-nuevo-record-en-los-mil-500-metros-planos-y-logra-medalla-de-plata\/","title":{"rendered":"Impone Laura Galv\u00e1n nuevo r\u00e9cord en los mil 500 metros planos y logra medalla de plata"},"content":{"rendered":"\n<p>La marchista mexicana,\u00a0Laura Galv\u00e1n rompi\u00f3 su propia marca e impuso un nuevo r\u00e9cord\u00a0nacional en los mil 500 metros planos, en el Grand Prix de Inglaterra.<\/p>\n\n\n\n<p><strong>La oriunda de Guanajuato sell\u00f3 4:03.06 para firmar el segundo lugar en la prueba<\/strong>, solamente tres cent\u00e9simas por detr\u00e1s de la brit\u00e1nica Sarah McDonald, quien se qued\u00f3 con el primer puesto con 4:03.03.<\/p>\n\n\n\n<p>Cabe mencionar que la misma<strong>\u00a0Laura Galv\u00e1n ya ostentaba dicha marca en los mil 500 metros<\/strong>, pues contaba con un tiempo de 4:04.98 obtenido en el Sollentuna Grand Prix 2022, en Suecia.<\/p>\n\n\n\n<figure class=\"wp-block-embed aligncenter is-type-rich is-provider-twitter wp-block-embed-twitter\"><div class=\"wp-block-embed__wrapper\">\n<blockquote class=\"twitter-tweet\" data-width=\"550\" data-dnt=\"true\"><p lang=\"es\" dir=\"ltr\">\u00a1R\u00e9cord Mexicano ????????????!<br>Laura Galv\u00e1n impone r\u00e9cord mexicano en los 1,500m planos con un tiempo de 4:03.06 en el Gran Prix de Trafford ????????????????????????????<br>Venga Laura, con todo en el Mundial???? <a href=\"https:\/\/t.co\/MRm6MB6ORA\">pic.twitter.com\/MRm6MB6ORA<\/a><\/p>&mdash; M\u00e9xico rumbo a Par\u00eds 2024???????????????????? (@MParis2024) <a href=\"https:\/\/twitter.com\/MParis2024\/status\/1690436489753006081?ref_src=twsrc%5Etfw\">August 12, 2023<\/a><\/blockquote><script async src=\"https:\/\/platform.twitter.com\/widgets.js\" charset=\"utf-8\"><\/script>\n<\/div><\/figure>\n\n\n\n<p>De igual forma, el pasado 6 de julio,&nbsp;<strong>la mexicana gan\u00f3 los mil metros en los Juegos Centroamericanos San Salvador 2023<\/strong>, donde impuso un nuevo r\u00e9cord en la competencia.<\/p>\n\n\n\n<h2 class=\"wp-block-heading\">R\u00e9cord mexicano en Liga Diamante&nbsp;<\/h2>\n\n\n\n<p>Laura Galv\u00e1n contin\u00faa superando sus marcas personales, y ahora en la Diamond League en Oslo, Noruega\u00a0rompi\u00f3 el r\u00e9cord mexicano en los cinco mil metros\u00a0tras terminar la distancia con un tiempo de 14:51.15 minutos, adem\u00e1s la fondista hizo historia al convertirse en la primera mujer mexicana en superar la barrera de los 15 minutos.<\/p>\n\n\n\n<blockquote class=\"wp-block-quote is-layout-flow wp-block-quote-is-layout-flow\"><p>\u201cTuvimos un buen viaje en general, con experiencias muy valiosas para lo que sigue.&nbsp;Agradecida por todo el equipo que juntos estamos logrando los objetivos, y s\u00faper motivada y emocionada de seguir trabajando fuerte y seguir probando los l\u00edmites de mi misma.&nbsp;<strong>Gracias infinitas a toda la gente que env\u00eda sus buenas vibras y deseos son apreciadas y recibidas con mucho cari\u00f1o<\/strong>\u201d, dijo Galv\u00e1n en sus redes sociales.<\/p><\/blockquote>\n\n\n\n<p>Galv\u00e1n se ubic\u00f3 en la posici\u00f3n 12 en esa final y con esa posici\u00f3n tambi\u00e9n se convirti\u00f3 en la primera mujer latina que entra al top 20 en esta prueba que es dominada por las fondistas et\u00edopes.<\/p>\n\n\n\n<p>Fuente: <a href=\"https:\/\/www.milenio.com\/deportes\/mas-aficion\/laura-galvan-impone-nuevo-record-en-los-mil-500-metros-planos\">Milenio<\/a><\/p>\n","protected":false},"excerpt":{"rendered":"<p>La marchista mexicana,\u00a0Laura Galv\u00e1n rompi\u00f3 su propia marca e impuso un nuevo r\u00e9cord\u00a0nacional en los mil 500 metros planos, en el Grand Prix de Inglaterra. La oriunda de Guanajuato sell\u00f3 4:03.06 para firmar el segundo lugar en la prueba, solamente tres cent\u00e9simas por detr\u00e1s de la brit\u00e1nica Sarah McDonald, quien se qued\u00f3 con el primer [&hellip;]<\/p>\n","protected":false},"author":7,"featured_media":117006,"comment_status":"open","ping_status":"open","sticky":false,"template":"","format":"standard","meta":{"_monsterinsights_skip_tracking":false,"_monsterinsights_sitenote_active":false,"_monsterinsights_sitenote_note":"","_monsterinsights_sitenote_category":0,"footnotes":""},"categories":[159],"tags":[3565,15685,13104,1484],"class_list":["post-117005","post","type-post","status-publish","format-standard","has-post-thumbnail","hentry","category-deportes","tag-laura-galvan","tag-medalla-de-plata","tag-metros","tag-record","wp-image-borders"],"amp_enabled":true,"_links":{"self":[{"href":"https:\/\/nvnoticias.mx\/index.php\/wp-json\/wp\/v2\/posts\/117005","targetHints":{"allow":["GET"]}}],"collection":[{"href":"https:\/\/nvnoticias.mx\/index.php\/wp-json\/wp\/v2\/posts"}],"about":[{"href":"https:\/\/nvnoticias.mx\/index.php\/wp-json\/wp\/v2\/types\/post"}],"author":[{"embeddable":true,"href":"https:\/\/nvnoticias.mx\/index.php\/wp-json\/wp\/v2\/users\/7"}],"replies":[{"embeddable":true,"href":"https:\/\/nvnoticias.mx\/index.php\/wp-json\/wp\/v2\/comments?post=117005"}],"version-history":[{"count":1,"href":"https:\/\/nvnoticias.mx\/index.php\/wp-json\/wp\/v2\/posts\/117005\/revisions"}],"predecessor-version":[{"id":117007,"href":"https:\/\/nvnoticias.mx\/index.php\/wp-json\/wp\/v2\/posts\/117005\/revisions\/117007"}],"wp:featuredmedia":[{"embeddable":true,"href":"https:\/\/nvnoticias.mx\/index.php\/wp-json\/wp\/v2\/media\/117006"}],"wp:attachment":[{"href":"https:\/\/nvnoticias.mx\/index.php\/wp-json\/wp\/v2\/media?parent=117005"}],"wp:term":[{"taxonomy":"category","embeddable":true,"href":"https:\/\/nvnoticias.mx\/index.php\/wp-json\/wp\/v2\/categories?post=117005"},{"taxonomy":"post_tag","embeddable":true,"href":"https:\/\/nvnoticias.mx\/index.php\/wp-json\/wp\/v2\/tags?post=117005"}],"curies":[{"name":"wp","href":"https:\/\/api.w.org\/{rel}","templated":true}]}}