{"id":116970,"date":"2023-08-12T20:36:15","date_gmt":"2023-08-13T01:36:15","guid":{"rendered":"https:\/\/nvnoticias.mx\/?p=116970"},"modified":"2023-08-12T20:36:16","modified_gmt":"2023-08-13T01:36:16","slug":"encabeza-adan-augusto-asamblea-informativa-en-veracruz","status":"publish","type":"post","link":"https:\/\/nvnoticias.mx\/index.php\/2023\/08\/12\/encabeza-adan-augusto-asamblea-informativa-en-veracruz\/","title":{"rendered":"Encabeza Ad\u00e1n Augusto Asamblea Informativa en Veracruz"},"content":{"rendered":"\n<p><strong>Jes\u00fas Utrilla \/ NV Noticias <\/strong><\/p>\n\n\n\n<p>Ad\u00e1n Augusto L\u00f3pez Hern\u00e1ndez, aspirante a la Coordinaci\u00f3n de Defensa de la Transformaci\u00f3n, dej\u00f3 claro que pese al final de la administraci\u00f3n del presidente Andr\u00e9s Manuel L\u00f3pez Obrador, la Pensi\u00f3n Universal se mantendr\u00e1 como un derecho y una obligaci\u00f3n constitucional. <\/p>\n\n\n\n<p>En su discurso, en la Asamblea Informativa del Malec\u00f3n, resalt\u00f3 que a partir de enero de 2024, la Pensi\u00f3n Universal se elevar\u00e1 a 6 mil pesos.<\/p>\n\n\n\n<p>L\u00f3pez Hern\u00e1ndez destac\u00f3 la importancia de continuar con los cambios profundos en la regi\u00f3n.<\/p>\n\n\n\n<p>Afirm\u00f3 que los tiempos de los hombres del sur de M\u00e9xico est\u00e1n en su apogeo y que la direcci\u00f3n hacia la transformaci\u00f3n seguir\u00e1.<\/p>\n\n\n\n<p>En su mensaje, tambi\u00e9n llam\u00f3 la atenci\u00f3n sobre la necesidad de reformar el Poder Judicial y la Suprema Corte de Justicia, criticando los altos salarios de algunos de sus miembros y abogando por una justicia equitativa para todos. <\/p>\n\n\n\n<p>Enfatiz\u00f3 que la ra\u00edz de muchos problemas reside en la obsesi\u00f3n por el dinero.<\/p>\n\n\n\n<p>L\u00f3pez Hern\u00e1ndez mencion\u00f3 que los datos recientes del Consejo Nacional de Evaluacion de la Politica de Desarrollo Social (CONEVAL) reflejan una reducci\u00f3n de 8 millones de personas en situaci\u00f3n de pobreza en M\u00e9xico.<\/p>\n\n\n\n<p>Tambi\u00e9n acus\u00f3 a Vicente Fox Quesada, expresidente de M\u00e9xico, de buscar el retorno de las pensiones para los presidentes y el fin de los programas sociales.<\/p>\n\n\n\n<p>El aspirante a la Coordinaci\u00f3n de Defensa de la Transformaci\u00f3n asegur\u00f3 que los apoyos sociales continuar\u00e1n, incluyendo el rescate de Petr\u00f3leos Mexicanos, en muestra de amor y compromiso hacia el pueblo.<\/p>\n\n\n\n<p><\/p>\n","protected":false},"excerpt":{"rendered":"<p>Jes\u00fas Utrilla \/ NV Noticias Ad\u00e1n Augusto L\u00f3pez Hern\u00e1ndez, aspirante a la Coordinaci\u00f3n de Defensa de la Transformaci\u00f3n, dej\u00f3 claro que pese al final de la administraci\u00f3n del presidente Andr\u00e9s Manuel L\u00f3pez Obrador, la Pensi\u00f3n Universal se mantendr\u00e1 como un derecho y una obligaci\u00f3n constitucional. En su discurso, en la Asamblea Informativa del Malec\u00f3n, resalt\u00f3 [&hellip;]<\/p>\n","protected":false},"author":8,"featured_media":116971,"comment_status":"open","ping_status":"open","sticky":false,"template":"","format":"standard","meta":{"_monsterinsights_skip_tracking":false,"_monsterinsights_sitenote_active":false,"_monsterinsights_sitenote_note":"","_monsterinsights_sitenote_category":0,"footnotes":""},"categories":[154],"tags":[16465,162],"class_list":["post-116970","post","type-post","status-publish","format-standard","has-post-thumbnail","hentry","category-veracruz","tag-adan-augusto-lopez","tag-portada","wp-image-borders"],"amp_enabled":true,"_links":{"self":[{"href":"https:\/\/nvnoticias.mx\/index.php\/wp-json\/wp\/v2\/posts\/116970","targetHints":{"allow":["GET"]}}],"collection":[{"href":"https:\/\/nvnoticias.mx\/index.php\/wp-json\/wp\/v2\/posts"}],"about":[{"href":"https:\/\/nvnoticias.mx\/index.php\/wp-json\/wp\/v2\/types\/post"}],"author":[{"embeddable":true,"href":"https:\/\/nvnoticias.mx\/index.php\/wp-json\/wp\/v2\/users\/8"}],"replies":[{"embeddable":true,"href":"https:\/\/nvnoticias.mx\/index.php\/wp-json\/wp\/v2\/comments?post=116970"}],"version-history":[{"count":1,"href":"https:\/\/nvnoticias.mx\/index.php\/wp-json\/wp\/v2\/posts\/116970\/revisions"}],"predecessor-version":[{"id":116972,"href":"https:\/\/nvnoticias.mx\/index.php\/wp-json\/wp\/v2\/posts\/116970\/revisions\/116972"}],"wp:featuredmedia":[{"embeddable":true,"href":"https:\/\/nvnoticias.mx\/index.php\/wp-json\/wp\/v2\/media\/116971"}],"wp:attachment":[{"href":"https:\/\/nvnoticias.mx\/index.php\/wp-json\/wp\/v2\/media?parent=116970"}],"wp:term":[{"taxonomy":"category","embeddable":true,"href":"https:\/\/nvnoticias.mx\/index.php\/wp-json\/wp\/v2\/categories?post=116970"},{"taxonomy":"post_tag","embeddable":true,"href":"https:\/\/nvnoticias.mx\/index.php\/wp-json\/wp\/v2\/tags?post=116970"}],"curies":[{"name":"wp","href":"https:\/\/api.w.org\/{rel}","templated":true}]}}