{"id":116902,"date":"2023-08-12T09:28:39","date_gmt":"2023-08-12T14:28:39","guid":{"rendered":"https:\/\/nvnoticias.mx\/?p=116902"},"modified":"2023-08-12T09:28:41","modified_gmt":"2023-08-12T14:28:41","slug":"bayern-anuncia-el-fichaje-de-harry-kane","status":"publish","type":"post","link":"https:\/\/nvnoticias.mx\/index.php\/2023\/08\/12\/bayern-anuncia-el-fichaje-de-harry-kane\/","title":{"rendered":"Bayern anuncia el fichaje de Harry Kane"},"content":{"rendered":"\n<p>El Bayern M\u00fanich, campe\u00f3n de la Bundesliga alemana, ha confirmado esta ma\u00f1ana definitivamente el fichaje del ingl\u00e9s Harry Kane, procedente del Tottenham, despu\u00e9s de unas negociaciones que se han dilatado durante casi todo el mercado de verano.<\/p>\n\n\n\n<p>Kane, hasta ahora capit\u00e1n del Tottenham Hotspur, ha firmado un contrato hasta el 30 de junio de 2027, y lucir\u00e1 el n\u00famero nueve en su camiseta con el conjunto b\u00e1varo, inform\u00f3 el club muniqu\u00e9s en un comunicado.<\/p>\n\n\n\n<blockquote class=\"wp-block-quote is-layout-flow wp-block-quote-is-layout-flow\"><p><em>&#8220;Estoy muy contento de formar parte del FC Bayern ahora. El FC Bayern es uno de los clubes m\u00e1s grandes del mundo y siempre he dicho que quiero competir y demostrar mi val\u00eda al m\u00e1ximo nivel en mi carrera. El FC Bayern se caracteriza por su cultura ganadora: sienta muy bien estar aqu\u00ed&#8221;<\/em>, afirm\u00f3 el capit\u00e1n de la selecci\u00f3n inglesa tras confirmarse su traspaso.<\/p><\/blockquote>\n\n\n\n<p>Kane, que comenz\u00f3 su carrera en el Ridgeway Rovers, pas\u00f3 por la cantera del Arsenal y el Watford hasta que lleg\u00f3 a la del Tottenham en 2009. Progres\u00f3 en el club londinense hasta firmar su primer contrato profesional en julio de 2011.<\/p>\n\n\n\n<p>Desde 2011 ha disputado 435 partidos oficiales con el Tottenham, en los que ha anotado 280. Fue m\u00e1ximo goleador de Inglaterra en 2016, 2017 y 2021 y es el segundo anotador en la historia de la Premier tras Alan Shearer.<\/p>\n\n\n\n<p>Con la selecci\u00f3n inglesa ha disputado 84 encuentros, en los que ha anotado 58 dianas. Es su m\u00e1ximo goleador. En Rusia 2018 fue el principal artillero con seis goles.<\/p>\n\n\n\n<p>Jan-Christian Dreesen, director general del Bayern, reconoci\u00f3 que el fichaje de Kane hab\u00eda sido &#8220;un proceso largo&#8221; y que ahora, completada la operaci\u00f3n estaban &#8220;muy contentos&#8221;.<\/p>\n\n\n\n<blockquote class=\"wp-block-quote is-layout-flow wp-block-quote-is-layout-flow\"><p>&#8220;<em>Harry Kane ha sido nuestro jugador so\u00f1ado desde el principio, y encaja perfectamente con nosotros y con el ADN del club, tanto en t\u00e9rminos deportivos como de car\u00e1cter. Los delanteros centro de clase mundial siempre han sido un factor importante cuando el FC Bayern ha celebrado sus mayores t\u00edtulos, y estamos convencidos de que Harry Kane continuar\u00e1 esta historia de \u00e9xitos. Nuestros aficionados pueden ilusionarse con uno de los mejores goleadores de nuestra \u00e9poca<\/em>&#8220;, apunt\u00f3.<\/p><\/blockquote>\n\n\n\n<p>El Bayern se hace as\u00ed con un delantero centro de referencia y del primer nivel mundial que hab\u00eda perdido con la marcha del polaco Robert Lewandowski al Barcelona. Ni el germano-camerun\u00e9s Eric Maxim Choupo-Moting ni el mism\u00edsimo Sadio Man\u00e9 pudieron acercarse a los niveles de rendimiento del ahora azulgrana y con Kane vuelve a reforzar su punta de lanza con el objetivo de volver a ser protagonista en la Liga de Campeones.<\/p>\n\n\n\n<p>El presidente del Tottenham, Daniel Levy, explic\u00f3 por su parte que trataron &#8220;durante un largo de periodo de tiempo de involucrar a Harry y sus representantes en varias formas de extensi\u00f3n de contrato, tanto a corto como a largo plazo&#8221;.<\/p>\n\n\n\n<blockquote class=\"wp-block-quote is-layout-flow wp-block-quote-is-layout-flow\"><p>&#8220;<em>Sin embargo, Harry ten\u00eda claro que quer\u00eda un nuevo desaf\u00edo y que no firmar\u00eda un nuevo contrato este verano. Por lo tanto, hemos aceptado a rega\u00f1adientes su transferencia<\/em>&#8220;, apunt\u00f3 el dirigente de los Spurs.<\/p><\/blockquote>\n\n\n\n<blockquote class=\"wp-block-quote is-layout-flow wp-block-quote-is-layout-flow\"><p>\u201c<em>Hemos visto a un producto de nuestro sistema Academy convertirse en uno de los mejores jugadores que alguna vez se puso una camiseta de los Spurs y se convirti\u00f3 en uno de los delanteros de \u00e9lite del f\u00fatbol mundial. Ha sido un trayecto verdaderamente notable<\/em>&#8220;, indic\u00f3.<\/p><\/blockquote>\n\n\n\n<blockquote class=\"wp-block-quote is-layout-flow wp-block-quote-is-layout-flow\"><p>\u201c<em>Los logros y r\u00e9cords de Harry lo dicen todo sobre el jugador, ya lo largo de sus 19 a\u00f1os en el club, Harry ha sido un modelo profesional, dentro y fuera de la cancha y una inspiraci\u00f3n para los j\u00f3venes jugadores que sue\u00f1an con seguir sus pasos&#8221;<\/em>, a\u00f1adi\u00f3.<\/p><\/blockquote>\n\n\n\n<blockquote class=\"wp-block-quote is-layout-flow wp-block-quote-is-layout-flow\"><p>&#8220;<em>Me gustar\u00eda agradecer a Harry por todo lo que ha hecho por nosotros, todos los recuerdos, todos los registros. Le deseamos a \u00e9l y a su familia todo lo mejor para el futuro. No hace falta decir que siempre ser\u00e1 bienvenido. miembro valioso de la familia Spurs, para siempre en nuestra historia<\/em>\u201d.<\/p><\/blockquote>\n","protected":false},"excerpt":{"rendered":"<p>El Bayern M\u00fanich, campe\u00f3n de la Bundesliga alemana, ha confirmado esta ma\u00f1ana definitivamente el fichaje del ingl\u00e9s Harry Kane, procedente del Tottenham, despu\u00e9s de unas negociaciones que se han dilatado durante casi todo el mercado de verano. Kane, hasta ahora capit\u00e1n del Tottenham Hotspur, ha firmado un contrato hasta el 30 de junio de 2027, [&hellip;]<\/p>\n","protected":false},"author":8,"featured_media":116903,"comment_status":"open","ping_status":"open","sticky":false,"template":"","format":"standard","meta":{"_monsterinsights_skip_tracking":false,"_monsterinsights_sitenote_active":false,"_monsterinsights_sitenote_note":"","_monsterinsights_sitenote_category":0,"footnotes":""},"categories":[159],"tags":[1302,13818],"class_list":["post-116902","post","type-post","status-publish","format-standard","has-post-thumbnail","hentry","category-deportes","tag-bayern-munich","tag-harry-kane","wp-image-borders"],"amp_enabled":true,"_links":{"self":[{"href":"https:\/\/nvnoticias.mx\/index.php\/wp-json\/wp\/v2\/posts\/116902","targetHints":{"allow":["GET"]}}],"collection":[{"href":"https:\/\/nvnoticias.mx\/index.php\/wp-json\/wp\/v2\/posts"}],"about":[{"href":"https:\/\/nvnoticias.mx\/index.php\/wp-json\/wp\/v2\/types\/post"}],"author":[{"embeddable":true,"href":"https:\/\/nvnoticias.mx\/index.php\/wp-json\/wp\/v2\/users\/8"}],"replies":[{"embeddable":true,"href":"https:\/\/nvnoticias.mx\/index.php\/wp-json\/wp\/v2\/comments?post=116902"}],"version-history":[{"count":1,"href":"https:\/\/nvnoticias.mx\/index.php\/wp-json\/wp\/v2\/posts\/116902\/revisions"}],"predecessor-version":[{"id":116904,"href":"https:\/\/nvnoticias.mx\/index.php\/wp-json\/wp\/v2\/posts\/116902\/revisions\/116904"}],"wp:featuredmedia":[{"embeddable":true,"href":"https:\/\/nvnoticias.mx\/index.php\/wp-json\/wp\/v2\/media\/116903"}],"wp:attachment":[{"href":"https:\/\/nvnoticias.mx\/index.php\/wp-json\/wp\/v2\/media?parent=116902"}],"wp:term":[{"taxonomy":"category","embeddable":true,"href":"https:\/\/nvnoticias.mx\/index.php\/wp-json\/wp\/v2\/categories?post=116902"},{"taxonomy":"post_tag","embeddable":true,"href":"https:\/\/nvnoticias.mx\/index.php\/wp-json\/wp\/v2\/tags?post=116902"}],"curies":[{"name":"wp","href":"https:\/\/api.w.org\/{rel}","templated":true}]}}