{"id":116787,"date":"2023-08-11T11:02:32","date_gmt":"2023-08-11T16:02:32","guid":{"rendered":"https:\/\/nvnoticias.mx\/?p=116787"},"modified":"2023-08-11T11:02:34","modified_gmt":"2023-08-11T16:02:34","slug":"arresta-ecuador-a-6-colombianos-ligados-al-asesinato-de-candidato","status":"publish","type":"post","link":"https:\/\/nvnoticias.mx\/index.php\/2023\/08\/11\/arresta-ecuador-a-6-colombianos-ligados-al-asesinato-de-candidato\/","title":{"rendered":"Arresta Ecuador a 6 colombianos ligados al asesinato de candidato"},"content":{"rendered":"\n<p>La transformaci\u00f3n de\u00a0Ecuador\u00a0en un importante\u00a0<strong>eje para el tr\u00e1fico de drogas\u00a0<\/strong>y el consiguiente\u00a0<strong>aumento de la violencia\u00a0<\/strong>desde hace tres a\u00f1os pesa sobre la naci\u00f3n luego del asesinato de un candidato presidencial que hab\u00eda luchado durante toda su vida contra la delincuencia y la corrupci\u00f3n.<\/p>\n\n\n\n<p>Seis colombianos fueron detenidos el 10 de agosto en relaci\u00f3n con el asesinato de\u00a0Fernando Villavicencio\u00a0en la v\u00edspera en la capital, Quito. No era uno de los favoritos, pero su asesinato a plena luz del d\u00eda y a menos de dos semanas de unas elecciones presidenciales extraordinarias subray\u00f3 la escala del desaf\u00edo que enfrentar\u00e1 el pr\u00f3ximo l\u00edder de Ecuador en cualquier intento de frenar a las bandas y c\u00e1rteles cuya actividad se ha cobrado miles de vidas.<\/p>\n\n\n\n<p>El informe de la detenci\u00f3n revisado por The Associated Press mostr\u00f3 que los hombres fueron capturados cuando se escond\u00edan en una casa en Quito. Las fuerzas de seguridad, de acuerdo con el reporte, incautaron adem\u00e1s cuatro pistolas, un rifle del calibre 5.56 mm, munici\u00f3n y tres granadas, adem\u00e1s de un auto y una motocicleta.<\/p>\n\n\n\n<p>El ministro del Interior, Juan Zapata, describi\u00f3 el asesinato como un \u201ccrimen pol\u00edtico con car\u00e1cter terrorista\u201d que buscaba sabotear los\u00a0<strong>comicios del 20 de agosto<\/strong>. El\u00a0<strong>informe policial no precis\u00f3 si los arrestados formaban parte de alg\u00fan grupo criminal<\/strong>. Pero Zapata, quien confirm\u00f3 la detenci\u00f3n de varios extranjeros sin revelar sus nacionalidades, dijo que los sospechosos estaban\u00a0<strong>vinculados al crimen organizado<\/strong>.<\/p>\n\n\n\n<p>Villavicencio, de 59 a\u00f1os, hab\u00eda reportado amenazadas de miembros del\u00a0C\u00e1rtel de Sinaloa, uno de los numerosos grupos internacionales de delincuencia organizada que operan ahora en Ecuador. El pol\u00edtico indic\u00f3 que su\u00a0<strong>campa\u00f1a representaba una amenaza para estas organizaciones<\/strong>.<\/p>\n\n\n\n<blockquote class=\"wp-block-quote is-layout-flow wp-block-quote-is-layout-flow\"><p>\u201cEl pueblo ecuatoriano est\u00e1 llorando y Ecuador est\u00e1 herido de muerte\u201d, afirm\u00f3 Patricio Zuquilanda, asesor de campa\u00f1a de Villavicencio.<\/p><\/blockquote>\n\n\n\n<p>Fuente: <a href=\"https:\/\/www.elfinanciero.com.mx\/mundo\/2023\/08\/11\/fernando-villavicencio-ecuador-arresta-a-6-colombianos-ligados-al-asesinato\/\" data-type=\"URL\" data-id=\"https:\/\/www.elfinanciero.com.mx\/mundo\/2023\/08\/11\/fernando-villavicencio-ecuador-arresta-a-6-colombianos-ligados-al-asesinato\/\">El Financiero<\/a> <\/p>\n","protected":false},"excerpt":{"rendered":"<p>La transformaci\u00f3n de\u00a0Ecuador\u00a0en un importante\u00a0eje para el tr\u00e1fico de drogas\u00a0y el consiguiente\u00a0aumento de la violencia\u00a0desde hace tres a\u00f1os pesa sobre la naci\u00f3n luego del asesinato de un candidato presidencial que hab\u00eda luchado durante toda su vida contra la delincuencia y la corrupci\u00f3n. Seis colombianos fueron detenidos el 10 de agosto en relaci\u00f3n con el asesinato [&hellip;]<\/p>\n","protected":false},"author":35,"featured_media":116627,"comment_status":"open","ping_status":"open","sticky":false,"template":"","format":"standard","meta":{"_monsterinsights_skip_tracking":false,"_monsterinsights_sitenote_active":false,"_monsterinsights_sitenote_note":"","_monsterinsights_sitenote_category":0,"footnotes":""},"categories":[181],"tags":[9495,1431,6700,5294,26750,14979],"class_list":["post-116787","post","type-post","status-publish","format-standard","has-post-thumbnail","hentry","category-internacional","tag-arresta","tag-asesinato","tag-colombianos","tag-ecuador","tag-fernando-villavicencio","tag-ligados","wp-image-borders"],"amp_enabled":true,"_links":{"self":[{"href":"https:\/\/nvnoticias.mx\/index.php\/wp-json\/wp\/v2\/posts\/116787","targetHints":{"allow":["GET"]}}],"collection":[{"href":"https:\/\/nvnoticias.mx\/index.php\/wp-json\/wp\/v2\/posts"}],"about":[{"href":"https:\/\/nvnoticias.mx\/index.php\/wp-json\/wp\/v2\/types\/post"}],"author":[{"embeddable":true,"href":"https:\/\/nvnoticias.mx\/index.php\/wp-json\/wp\/v2\/users\/35"}],"replies":[{"embeddable":true,"href":"https:\/\/nvnoticias.mx\/index.php\/wp-json\/wp\/v2\/comments?post=116787"}],"version-history":[{"count":4,"href":"https:\/\/nvnoticias.mx\/index.php\/wp-json\/wp\/v2\/posts\/116787\/revisions"}],"predecessor-version":[{"id":116791,"href":"https:\/\/nvnoticias.mx\/index.php\/wp-json\/wp\/v2\/posts\/116787\/revisions\/116791"}],"wp:featuredmedia":[{"embeddable":true,"href":"https:\/\/nvnoticias.mx\/index.php\/wp-json\/wp\/v2\/media\/116627"}],"wp:attachment":[{"href":"https:\/\/nvnoticias.mx\/index.php\/wp-json\/wp\/v2\/media?parent=116787"}],"wp:term":[{"taxonomy":"category","embeddable":true,"href":"https:\/\/nvnoticias.mx\/index.php\/wp-json\/wp\/v2\/categories?post=116787"},{"taxonomy":"post_tag","embeddable":true,"href":"https:\/\/nvnoticias.mx\/index.php\/wp-json\/wp\/v2\/tags?post=116787"}],"curies":[{"name":"wp","href":"https:\/\/api.w.org\/{rel}","templated":true}]}}