{"id":116363,"date":"2023-08-07T15:27:13","date_gmt":"2023-08-07T20:27:13","guid":{"rendered":"https:\/\/nvnoticias.mx\/?p=116363"},"modified":"2023-08-07T15:27:14","modified_gmt":"2023-08-07T20:27:14","slug":"hablara-alicia-barcena-con-canciller-de-canada-por-mexicano-desaparecido","status":"publish","type":"post","link":"https:\/\/nvnoticias.mx\/index.php\/2023\/08\/07\/hablara-alicia-barcena-con-canciller-de-canada-por-mexicano-desaparecido\/","title":{"rendered":"Hablar\u00e1 Alicia B\u00e1rcena con canciller de Canad\u00e1 por mexicano desaparecido"},"content":{"rendered":"\n<p>La canciller Alicia B\u00e1rcena hablar\u00e1 hoy con su par canadiense, M\u00e9lanie Joy, para solicitarle m\u00e1s apoyo en\u00a0el caso de Carlos Aranda, oaxaque\u00f1o desaparecido en ese pa\u00eds desde principios de julio.<\/p>\n\n\n\n<p>En la\u00a0conferencia ma\u00f1anera\u00a0de Palacio Nacional, el presidente Andr\u00e9s Manuel L\u00f3pez Obrador dijo que su gobierno est\u00e1 pendiente del caso.<\/p>\n\n\n\n<blockquote class=\"wp-block-quote is-layout-flow wp-block-quote-is-layout-flow\"><p>\u201cEstamos ayudando a los familiares para la b\u00fasqueda de un joven que desapareci\u00f3 en Canad\u00e1, estamos pidiendo el apoyo, nos est\u00e1n ayudando en Canad\u00e1. Hoy la secretaria de Relaciones Exteriores va a hablar con la canciller de Canad\u00e1 y hay comunicaci\u00f3n con los familiares, se est\u00e1 trabajando, pero queremos que haya m\u00e1s apoyo\u201d, remarc\u00f3.<\/p><\/blockquote>\n\n\n\n<p><strong>Carlo Tom\u00e1s Aranda desapareci\u00f3 el 7 de julio en Osoyoos, Canad\u00e1,&nbsp;<\/strong>mientras trabajaba en una granja de la localidad para aprender m\u00e1s acerca de su carrera.<\/p>\n\n\n\n<p>Sobre el caso de Mar\u00eda Fernanda, quien fue encontrada muerta en Canal Teltow, en la ciudad de Adlershof, Alemania, L\u00f3pez Obrador reiter\u00f3 que&nbsp;<strong>la familia pidi\u00f3 discreci\u00f3n sobre el caso,<\/strong>&nbsp;principalmente si se confirma que no existi\u00f3 ning\u00fan delito.<\/p>\n\n\n\n<blockquote class=\"wp-block-quote is-layout-flow wp-block-quote-is-layout-flow\"><p>\u201cAyudaron mucho los del gobierno alem\u00e1n, lo que les agradecemos, ellos est\u00e1n terminando de hacer todas las investigaciones y la familia nos pidi\u00f3 que quer\u00edan, que esto se manejara en sigilo, con discreci\u00f3n, nos lo pidieron. Y si no hay una implicaci\u00f3n que nos lleve a que se cometi\u00f3 un delito vamos nosotros a respetar la petici\u00f3n de la familia, eso es lo que puedo comentarles\u201d, apunt\u00f3.<\/p><p><\/p><\/blockquote>\n\n\n\n<p>Fuente: <a href=\"https:\/\/www.milenio.com\/politica\/mexicano-desaparecido-sre-hablara-canciller-canada-caso\" data-type=\"URL\" data-id=\"https:\/\/www.milenio.com\/politica\/mexicano-desaparecido-sre-hablara-canciller-canada-caso\">Milenio<\/a><\/p>\n","protected":false},"excerpt":{"rendered":"<p>La canciller Alicia B\u00e1rcena hablar\u00e1 hoy con su par canadiense, M\u00e9lanie Joy, para solicitarle m\u00e1s apoyo en\u00a0el caso de Carlos Aranda, oaxaque\u00f1o desaparecido en ese pa\u00eds desde principios de julio. En la\u00a0conferencia ma\u00f1anera\u00a0de Palacio Nacional, el presidente Andr\u00e9s Manuel L\u00f3pez Obrador dijo que su gobierno est\u00e1 pendiente del caso. \u201cEstamos ayudando a los familiares para [&hellip;]<\/p>\n","protected":false},"author":35,"featured_media":47811,"comment_status":"open","ping_status":"open","sticky":false,"template":"","format":"standard","meta":{"_monsterinsights_skip_tracking":false,"_monsterinsights_sitenote_active":false,"_monsterinsights_sitenote_note":"","_monsterinsights_sitenote_category":0,"footnotes":""},"categories":[157],"tags":[12723,887,3643,1671,26383],"class_list":["post-116363","post","type-post","status-publish","format-standard","has-post-thumbnail","hentry","category-nacional","tag-alicia-barcena","tag-canada-2","tag-canciller","tag-desaparecido","tag-hablara","wp-image-borders"],"amp_enabled":true,"_links":{"self":[{"href":"https:\/\/nvnoticias.mx\/index.php\/wp-json\/wp\/v2\/posts\/116363","targetHints":{"allow":["GET"]}}],"collection":[{"href":"https:\/\/nvnoticias.mx\/index.php\/wp-json\/wp\/v2\/posts"}],"about":[{"href":"https:\/\/nvnoticias.mx\/index.php\/wp-json\/wp\/v2\/types\/post"}],"author":[{"embeddable":true,"href":"https:\/\/nvnoticias.mx\/index.php\/wp-json\/wp\/v2\/users\/35"}],"replies":[{"embeddable":true,"href":"https:\/\/nvnoticias.mx\/index.php\/wp-json\/wp\/v2\/comments?post=116363"}],"version-history":[{"count":3,"href":"https:\/\/nvnoticias.mx\/index.php\/wp-json\/wp\/v2\/posts\/116363\/revisions"}],"predecessor-version":[{"id":116366,"href":"https:\/\/nvnoticias.mx\/index.php\/wp-json\/wp\/v2\/posts\/116363\/revisions\/116366"}],"wp:featuredmedia":[{"embeddable":true,"href":"https:\/\/nvnoticias.mx\/index.php\/wp-json\/wp\/v2\/media\/47811"}],"wp:attachment":[{"href":"https:\/\/nvnoticias.mx\/index.php\/wp-json\/wp\/v2\/media?parent=116363"}],"wp:term":[{"taxonomy":"category","embeddable":true,"href":"https:\/\/nvnoticias.mx\/index.php\/wp-json\/wp\/v2\/categories?post=116363"},{"taxonomy":"post_tag","embeddable":true,"href":"https:\/\/nvnoticias.mx\/index.php\/wp-json\/wp\/v2\/tags?post=116363"}],"curies":[{"name":"wp","href":"https:\/\/api.w.org\/{rel}","templated":true}]}}