{"id":116347,"date":"2023-08-07T13:00:00","date_gmt":"2023-08-07T18:00:00","guid":{"rendered":"https:\/\/nvnoticias.mx\/?p=116347"},"modified":"2023-08-07T14:03:55","modified_gmt":"2023-08-07T19:03:55","slug":"cambian-horario-del-aguila-de-veracruz-en-playoffs","status":"publish","type":"post","link":"https:\/\/nvnoticias.mx\/index.php\/2023\/08\/07\/cambian-horario-del-aguila-de-veracruz-en-playoffs\/","title":{"rendered":"Cambian horario del \u00c1guila de Veracruz en Playoffs"},"content":{"rendered":"\n<p>El \u00c1guila de Veracruz ha calificado a Playoffs como tercer lugar de la zona sur, y comenzar\u00e1 la postemporada enfrentando a los Pericos de Puebla. Es la primera vez en tres a\u00f1os, que el \u00c1guila abre un playoffs como local<\/p>\n\n\n\n<p>Los partidos de local el \u00c1guila de Veracruz cambiar\u00e1n de horario por los playoffs; los juegos de lunes a viernes iniciar\u00e1n a las 20 horas, mientras que los juegos de s\u00e1bado y domingo se jugar\u00e1n a las 19 horas, mencion\u00f3 Rom\u00e1n Barr\u00f3n, director de Comunicaci\u00f3n y Marketing de la novena emplumada.<\/p>\n\n\n\n<p>De la misma manera, se anunci\u00f3 un aumento en las localidades para todas las personas que no son abonadas, debido al ingreso a la postemporada.<\/p>\n\n\n\n<blockquote class=\"wp-block-quote is-layout-flow wp-block-quote-is-layout-flow\"><p>&#8220;<em>Los precios s\u00ed tienen un ligero aumento por el tema del playoff (&#8230;) es muy poco, por ejemplo, el boleto general la serie pasada estuvo en 150 y ahora va a estar en 180, la zona diamante estuvo en 400 y ahora en 500. Es decir, los precios var\u00edan, no hay un porcentaje espec\u00edfico para ponerlo a cada zona, pero s\u00ed tienen un aumento. Ahora, el tema de las zonas VIP se va a definir hasta el d\u00eda de ma\u00f1ana (martes), ma\u00f1ana que es el partido, a las 11 de la ma\u00f1ana la gente va a poder venir al estadio para adquirir sus entradas para la zona VIP, la terraza Cuervo, la alberca y las dos zonas lounge que est\u00e1n en primera y tercera base<\/em>&#8220;, explic\u00f3 Rom\u00e1n Barr\u00f3n.<\/p><\/blockquote>\n\n\n\n<p>Finalmente se dio a conocer que se buscar\u00e1 llevar a un contingente de aficionados del \u00c1guila de Veracruz al estadio Hermanos Serd\u00e1n; este martes a trav\u00e9s de las redes sociales del club emplumado se mostrar\u00e1 la din\u00e1mica para que los veracruzanos puedan viajar el pr\u00f3ximo viernes y s\u00e1bado a la ciudad de Puebla, teniendo prioridad los abonados.<\/p>\n","protected":false},"excerpt":{"rendered":"<p>El \u00c1guila de Veracruz ha calificado a Playoffs como tercer lugar de la zona sur, y comenzar\u00e1 la postemporada enfrentando a los Pericos de Puebla. Es la primera vez en tres a\u00f1os, que el \u00c1guila abre un playoffs como local Los partidos de local el \u00c1guila de Veracruz cambiar\u00e1n de horario por los playoffs; los [&hellip;]<\/p>\n","protected":false},"author":8,"featured_media":116348,"comment_status":"open","ping_status":"open","sticky":false,"template":"","format":"standard","meta":{"_monsterinsights_skip_tracking":false,"_monsterinsights_sitenote_active":false,"_monsterinsights_sitenote_note":"","_monsterinsights_sitenote_category":0,"footnotes":""},"categories":[159],"tags":[1195,3483,24209,104],"class_list":["post-116347","post","type-post","status-publish","format-standard","has-post-thumbnail","hentry","category-deportes","tag-el-aguila-de-veracruz","tag-horarios","tag-lmb-2023","tag-playoffs","wp-image-borders"],"amp_enabled":true,"_links":{"self":[{"href":"https:\/\/nvnoticias.mx\/index.php\/wp-json\/wp\/v2\/posts\/116347","targetHints":{"allow":["GET"]}}],"collection":[{"href":"https:\/\/nvnoticias.mx\/index.php\/wp-json\/wp\/v2\/posts"}],"about":[{"href":"https:\/\/nvnoticias.mx\/index.php\/wp-json\/wp\/v2\/types\/post"}],"author":[{"embeddable":true,"href":"https:\/\/nvnoticias.mx\/index.php\/wp-json\/wp\/v2\/users\/8"}],"replies":[{"embeddable":true,"href":"https:\/\/nvnoticias.mx\/index.php\/wp-json\/wp\/v2\/comments?post=116347"}],"version-history":[{"count":1,"href":"https:\/\/nvnoticias.mx\/index.php\/wp-json\/wp\/v2\/posts\/116347\/revisions"}],"predecessor-version":[{"id":116349,"href":"https:\/\/nvnoticias.mx\/index.php\/wp-json\/wp\/v2\/posts\/116347\/revisions\/116349"}],"wp:featuredmedia":[{"embeddable":true,"href":"https:\/\/nvnoticias.mx\/index.php\/wp-json\/wp\/v2\/media\/116348"}],"wp:attachment":[{"href":"https:\/\/nvnoticias.mx\/index.php\/wp-json\/wp\/v2\/media?parent=116347"}],"wp:term":[{"taxonomy":"category","embeddable":true,"href":"https:\/\/nvnoticias.mx\/index.php\/wp-json\/wp\/v2\/categories?post=116347"},{"taxonomy":"post_tag","embeddable":true,"href":"https:\/\/nvnoticias.mx\/index.php\/wp-json\/wp\/v2\/tags?post=116347"}],"curies":[{"name":"wp","href":"https:\/\/api.w.org\/{rel}","templated":true}]}}