{"id":116340,"date":"2023-08-07T13:46:42","date_gmt":"2023-08-07T18:46:42","guid":{"rendered":"https:\/\/nvnoticias.mx\/?p=116340"},"modified":"2023-08-07T13:46:42","modified_gmt":"2023-08-07T18:46:42","slug":"movimiento-ciudadano-deberia-reconsiderar-formar-parte-del-frente-amplio-por-mexico-pan","status":"publish","type":"post","link":"https:\/\/nvnoticias.mx\/index.php\/2023\/08\/07\/movimiento-ciudadano-deberia-reconsiderar-formar-parte-del-frente-amplio-por-mexico-pan\/","title":{"rendered":"Movimiento Ciudadano deber\u00eda reconsiderar formar parte del Frente Amplio por M\u00e9xico: PAN"},"content":{"rendered":"\n<p><strong>Jes\u00fas Utrilla \/ NV Noticias<\/strong><\/p>\n\n\n\n<p>El presidente estatal del PAN en Veracruz, Federico Salom\u00f3n Molina, manifest\u00f3 que la decisi\u00f3n de Movimiento Ciudadano de no generar alianzas con el Partido Acci\u00f3n Nacional (PAN) y el Partido Revolucionario Institucional (PRI), no afecta solo al PAN, sino a la sociedad en su conjunto.<\/p>\n\n\n\n<p>Salom\u00f3n Molina inst\u00f3 a las dirigencias nacional y estatal de los partidos involucrados a reconsiderar su posici\u00f3n y unirse en la pr\u00f3xima elecci\u00f3n con el objetivo de desplazar al partido en el poder.<\/p>\n\n\n\n<blockquote class=\"wp-block-quote is-layout-flow wp-block-quote-is-layout-flow\"><p>&#8220;<em>Creo que esta actitud no est\u00e1 dirigida \u00fanicamente al PAN, sino que afecta a la sociedad en general. Esta postura no contribuye ni a\u00f1ade nada positivo. Hago un llamado a que replanteen su posici\u00f3n, ya que lo verdaderamente importante en este momento es sacar a Morena del poder. Debemos enfocarnos en remover a aquellos que han causado un deterioro en el pa\u00eds y en el estado. Eso es lo primordia<\/em>l&#8221;.<\/p><\/blockquote>\n\n\n\n<p>Cabe mencionar que Movimiento Ciudadano ha mantenido una posici\u00f3n de resistencia respecto a formar parte de la coalici\u00f3n que re\u00fane al PAN, PRI y PRD en un frente opositor.<\/p>\n\n\n\n<p>Salom\u00f3n Molina tambi\u00e9n destac\u00f3 la cohesi\u00f3n dentro del PAN en Veracruz, enfatizando que, a pesar de las diferencias en cuanto a los aspirantes a la presidencia, no existen divisiones significativas entre los miembros del partido en el estado.<\/p>\n\n\n\n<blockquote class=\"wp-block-quote is-layout-flow wp-block-quote-is-layout-flow\"><p>&#8220;<em>Quiero aclarar que no hay divisiones importantes en absoluto. Si bien puede haber voces disidentes, perm\u00edtanme darles un ejemplo. Hace un mes, llevamos a cabo una sesi\u00f3n del Consejo Estatal, en la que se reinstal\u00f3 el consejo que hab\u00eda sido impugnado. En esta sesi\u00f3n participaron un promedio de 108 consejeros de los 122<\/em>&#8220;.<\/p><\/blockquote>\n\n\n\n<p>El presidente estatal del PAN enfatiz\u00f3 que los l\u00edderes y representantes del partido han mantenido un enfoque constante en el objetivo de unir a la militancia y a los panistas con miras al 2024, a pesar de las diferencias internas.<\/p>\n","protected":false},"excerpt":{"rendered":"<p>Jes\u00fas Utrilla \/ NV Noticias El presidente estatal del PAN en Veracruz, Federico Salom\u00f3n Molina, manifest\u00f3 que la decisi\u00f3n de Movimiento Ciudadano de no generar alianzas con el Partido Acci\u00f3n Nacional (PAN) y el Partido Revolucionario Institucional (PRI), no afecta solo al PAN, sino a la sociedad en su conjunto. Salom\u00f3n Molina inst\u00f3 a las [&hellip;]<\/p>\n","protected":false},"author":8,"featured_media":116343,"comment_status":"open","ping_status":"open","sticky":false,"template":"","format":"standard","meta":{"_monsterinsights_skip_tracking":false,"_monsterinsights_sitenote_active":false,"_monsterinsights_sitenote_note":"","_monsterinsights_sitenote_category":0,"footnotes":""},"categories":[154],"tags":[26179,687,284],"class_list":["post-116340","post","type-post","status-publish","format-standard","has-post-thumbnail","hentry","category-veracruz","tag-frente-amplio-por-mexico","tag-movimiento-ciudadano","tag-pan","wp-image-borders"],"amp_enabled":true,"_links":{"self":[{"href":"https:\/\/nvnoticias.mx\/index.php\/wp-json\/wp\/v2\/posts\/116340","targetHints":{"allow":["GET"]}}],"collection":[{"href":"https:\/\/nvnoticias.mx\/index.php\/wp-json\/wp\/v2\/posts"}],"about":[{"href":"https:\/\/nvnoticias.mx\/index.php\/wp-json\/wp\/v2\/types\/post"}],"author":[{"embeddable":true,"href":"https:\/\/nvnoticias.mx\/index.php\/wp-json\/wp\/v2\/users\/8"}],"replies":[{"embeddable":true,"href":"https:\/\/nvnoticias.mx\/index.php\/wp-json\/wp\/v2\/comments?post=116340"}],"version-history":[{"count":1,"href":"https:\/\/nvnoticias.mx\/index.php\/wp-json\/wp\/v2\/posts\/116340\/revisions"}],"predecessor-version":[{"id":116344,"href":"https:\/\/nvnoticias.mx\/index.php\/wp-json\/wp\/v2\/posts\/116340\/revisions\/116344"}],"wp:featuredmedia":[{"embeddable":true,"href":"https:\/\/nvnoticias.mx\/index.php\/wp-json\/wp\/v2\/media\/116343"}],"wp:attachment":[{"href":"https:\/\/nvnoticias.mx\/index.php\/wp-json\/wp\/v2\/media?parent=116340"}],"wp:term":[{"taxonomy":"category","embeddable":true,"href":"https:\/\/nvnoticias.mx\/index.php\/wp-json\/wp\/v2\/categories?post=116340"},{"taxonomy":"post_tag","embeddable":true,"href":"https:\/\/nvnoticias.mx\/index.php\/wp-json\/wp\/v2\/tags?post=116340"}],"curies":[{"name":"wp","href":"https:\/\/api.w.org\/{rel}","templated":true}]}}