{"id":116310,"date":"2023-08-07T12:10:36","date_gmt":"2023-08-07T17:10:36","guid":{"rendered":"https:\/\/nvnoticias.mx\/?p=116310"},"modified":"2023-08-07T12:10:38","modified_gmt":"2023-08-07T17:10:38","slug":"asegura-amlo-que-detencion-de-fiscal-uriel-carmona-fue-legal","status":"publish","type":"post","link":"https:\/\/nvnoticias.mx\/index.php\/2023\/08\/07\/asegura-amlo-que-detencion-de-fiscal-uriel-carmona-fue-legal\/","title":{"rendered":"Asegura AMLO que detenci\u00f3n de fiscal Uriel Carmona fue legal"},"content":{"rendered":"\n<p>El presidente Andr\u00e9s Manuel L\u00f3pez Obrador\u00a0defendi\u00f3 este lunes el proceso que llev\u00f3 a\u00a0la detenci\u00f3n de Uriel Carmona, fiscal de Morelos.<\/p>\n\n\n\n<blockquote class=\"wp-block-quote is-layout-flow wp-block-quote-is-layout-flow\"><p>\u201c(Fue) legal porque el fuero lo proteg\u00eda de delitos del orden federal, eso es lo que resuelve la suprema corte, pero&nbsp;<strong>este es un delito de fuero com\u00fan<\/strong>\u201d, dijo el mandatario sobre el se\u00f1alamiento de que Carmona entorpeci\u00f3 la investigaci\u00f3n sobre&nbsp;el feminicidio de la joven Ariadna Fernanda.<\/p><\/blockquote>\n\n\n\n<p>El titular del Ejecutivo afirm\u00f3 que hab\u00eda \u201cmucho inter\u00e9s\u201d en proteger a Carmona por parte de&nbsp;<strong>\u201cpol\u00edticos, de personalidades y de integrantes del Poder Judicial\u201d.<\/strong><\/p>\n\n\n\n<p>L\u00f3pez Obrador afirm\u00f3 que&nbsp;<strong>la Fiscal\u00eda General de la Rep\u00fablica (FGR)<\/strong>&nbsp;fue obstaculizada por el Poder Judicial para obtener una orden de aprehensi\u00f3n contra Carmona.<\/p>\n\n\n\n<hr class=\"wp-block-separator\"\/>\n\n\n\n<blockquote class=\"wp-block-quote is-layout-flow wp-block-quote-is-layout-flow\"><p>\u201cCuando la Fiscal\u00eda solicita orden de aprehensi\u00f3n o que un juez la autorizara, nunca se dio la autorizaci\u00f3n, y al mismo tiempo desempolvaron un expediente en la Suprema Corte de Justicia (&#8230;) se re\u00fanen todos los ministros y resuelven que no pod\u00eda juzgarse, esto al mismo tiempo que se est\u00e1 solicitando a un juez que conceda la orden de aprehensi\u00f3n, los ministros de la Corte resuelven que&nbsp;<strong>no pueden detener al fiscal si no hay un proceso de fuero o de desafuero en el Congreso<\/strong>\u201d, dijo.<\/p><\/blockquote>\n\n\n\n<p>Fuente: <a href=\"https:\/\/www.elfinanciero.com.mx\/nacional\/2023\/08\/07\/detencion-de-fiscal-uriel-carmona-es-legal-afirma-amlo\/\" data-type=\"URL\" data-id=\"https:\/\/www.elfinanciero.com.mx\/nacional\/2023\/08\/07\/detencion-de-fiscal-uriel-carmona-es-legal-afirma-amlo\/\">El Financiero<\/a> <\/p>\n","protected":false},"excerpt":{"rendered":"<p>El presidente Andr\u00e9s Manuel L\u00f3pez Obrador\u00a0defendi\u00f3 este lunes el proceso que llev\u00f3 a\u00a0la detenci\u00f3n de Uriel Carmona, fiscal de Morelos. \u201c(Fue) legal porque el fuero lo proteg\u00eda de delitos del orden federal, eso es lo que resuelve la suprema corte, pero&nbsp;este es un delito de fuero com\u00fan\u201d, dijo el mandatario sobre el se\u00f1alamiento de que [&hellip;]<\/p>\n","protected":false},"author":35,"featured_media":116063,"comment_status":"open","ping_status":"open","sticky":false,"template":"","format":"standard","meta":{"_monsterinsights_skip_tracking":false,"_monsterinsights_sitenote_active":false,"_monsterinsights_sitenote_note":"","_monsterinsights_sitenote_category":0,"footnotes":""},"categories":[158],"tags":[188,7328,428,26706,4117,26669],"class_list":["post-116310","post","type-post","status-publish","format-standard","has-post-thumbnail","hentry","category-politica","tag-amlo","tag-asegura","tag-detencion","tag-fisxal","tag-legal","tag-uriel-carmona","wp-image-borders"],"amp_enabled":true,"_links":{"self":[{"href":"https:\/\/nvnoticias.mx\/index.php\/wp-json\/wp\/v2\/posts\/116310","targetHints":{"allow":["GET"]}}],"collection":[{"href":"https:\/\/nvnoticias.mx\/index.php\/wp-json\/wp\/v2\/posts"}],"about":[{"href":"https:\/\/nvnoticias.mx\/index.php\/wp-json\/wp\/v2\/types\/post"}],"author":[{"embeddable":true,"href":"https:\/\/nvnoticias.mx\/index.php\/wp-json\/wp\/v2\/users\/35"}],"replies":[{"embeddable":true,"href":"https:\/\/nvnoticias.mx\/index.php\/wp-json\/wp\/v2\/comments?post=116310"}],"version-history":[{"count":3,"href":"https:\/\/nvnoticias.mx\/index.php\/wp-json\/wp\/v2\/posts\/116310\/revisions"}],"predecessor-version":[{"id":116313,"href":"https:\/\/nvnoticias.mx\/index.php\/wp-json\/wp\/v2\/posts\/116310\/revisions\/116313"}],"wp:featuredmedia":[{"embeddable":true,"href":"https:\/\/nvnoticias.mx\/index.php\/wp-json\/wp\/v2\/media\/116063"}],"wp:attachment":[{"href":"https:\/\/nvnoticias.mx\/index.php\/wp-json\/wp\/v2\/media?parent=116310"}],"wp:term":[{"taxonomy":"category","embeddable":true,"href":"https:\/\/nvnoticias.mx\/index.php\/wp-json\/wp\/v2\/categories?post=116310"},{"taxonomy":"post_tag","embeddable":true,"href":"https:\/\/nvnoticias.mx\/index.php\/wp-json\/wp\/v2\/tags?post=116310"}],"curies":[{"name":"wp","href":"https:\/\/api.w.org\/{rel}","templated":true}]}}