{"id":116300,"date":"2023-08-07T11:58:11","date_gmt":"2023-08-07T16:58:11","guid":{"rendered":"https:\/\/nvnoticias.mx\/?p=116300"},"modified":"2023-08-07T11:58:13","modified_gmt":"2023-08-07T16:58:13","slug":"explota-adan-augusto-lopez-contra-vicente-fox-por-pedir-pension-para-expresidentes","status":"publish","type":"post","link":"https:\/\/nvnoticias.mx\/index.php\/2023\/08\/07\/explota-adan-augusto-lopez-contra-vicente-fox-por-pedir-pension-para-expresidentes\/","title":{"rendered":"Explota Ad\u00e1n Augusto L\u00f3pez contra Vicente Fox por pedir pensi\u00f3n para expresidentes"},"content":{"rendered":"\n<p>Como parte de sus recorridos por distintas entidades del pa\u00eds para promocionar sus aspiraciones presidenciales,\u00a0<strong>Ad\u00e1n Augusto L\u00f3pez<\/strong>\u00a0visit\u00f3 el Estado de M\u00e9xico desde donde lanz\u00f3 un mensaje a<strong>\u00a0Vicente Fox Quesada<\/strong>\u00a0y su petici\u00f3n a la senadora X\u00f3chitl G\u00e1lvez para que devuelva las\u00a0<strong>pensiones para expresidentes<\/strong>.<\/p>\n\n\n\n<p>Ad\u00e1n Augusto L\u00f3pez ya se hab\u00eda pronunciado sobre el caso. Hace unas semanas habl\u00f3 de su propuesta en caso de resultar seleccionado como candidato de Morena para buscar la presidencia de la Rep\u00fablica en 2024, y aprovech\u00f3 para lanzar un mensaje al exmandatario.<\/p>\n\n\n\n<p>El exsecretario de Gobernaci\u00f3n lanz\u00f3 en aquel entonces la propuesta de reducir dos a\u00f1os la edad para<strong>&nbsp;acceder a la pensi\u00f3n<\/strong>&nbsp;para adultos mayores, que actualmente es a partir de los 65 a\u00f1os de edad, para colocarlo en 63 a\u00f1os. Todo ello para posteriormente cargar contra el expresidente, a quien se\u00f1al\u00f3 como un \u201cz\u00e1ngano\u201d y un \u201cvividor\u201d.<\/p>\n\n\n\n<p>Ahora, opt\u00f3 por lanzarse directo contra Fox Quesada a quien se\u00f1al\u00f3 nuevamente como un \u201c<strong>z\u00e1ngano, flojo y mantenido<\/strong>\u201d, e incluso evoc\u00f3 las palabras del presidente Andr\u00e9s Manuel L\u00f3pez Obrador al llamarlo \u201cchachalaca grandota de Guanajuato\u201d.<\/p>\n\n\n\n<p>Record\u00f3 que<strong>\u00a0Vicente Fox<\/strong>\u00a0se pronunci\u00f3 a favor de que X\u00f3chitl G\u00e1lvez, tras ser seleccionada como candidata presidencial, devolviera la pensi\u00f3n para los expresidentes, la cual se elimin\u00f3 a ra\u00edz del actual gobierno.<\/p>\n\n\n\n<blockquote class=\"wp-block-quote is-layout-flow wp-block-quote-is-layout-flow\"><p>\u201cHay otro, pues crro que es hasta vecino de por ac\u00e1, a ver si lo identifican. Una chachalaca grandota de Guanajuato, s\u00ed, Vicente Fox. Anda diciendo (&#8230;) le dejo a su candidata que\u00a0<strong>quiere que regrese la pensi\u00f3n<\/strong>\u00a0para los expresidentes de la Rep\u00fablica\u201d, dijo el exsecretario de Gobernaci\u00f3n.<\/p><\/blockquote>\n\n\n\n<p>De igual forma, lo acus\u00f3 de desear que se acaben los programas sociales, incluyendo la pensi\u00f3n que se entrega a los adultos mayores.<\/p>\n\n\n\n<p>Dijo a los asistentes a su evento que son \u201cun\u00a0<strong>pueblo noble, trabajador<\/strong>\u00a0y dedicado\u201d y que, en cambio, quien es un \u201cz\u00e1ngano, flojo y mantenido es \u00e9l, Vicente Fox\u201d.<\/p>\n\n\n\n<p>L\u00f3pez Hern\u00e1ndez cuestion\u00f3 a sus simpatizantes sobre si estaban de acuerdo en que las pensiones para adultos mayores fueran eliminadas, y ante la negativa, asegur\u00f3 que \u201c<strong>el pueblo es el que manda<\/strong>\u201d y que Vicente Fox tendr\u00eda que tolerar el hecho de no contar con este beneficio como expresidente.<\/p>\n\n\n\n<blockquote class=\"wp-block-quote is-layout-flow wp-block-quote-is-layout-flow\"><p>\u201cYa no va a tener para su cocol. El pueblo manda, ustedes deciden\u201d, dijo a sus seguidores.<\/p><\/blockquote>\n\n\n\n<p>Fuente: <a href=\"https:\/\/www.infobae.com\/mexico\/2023\/08\/07\/adan-augusto-lopez-explota-contra-vicente-fox-por-pedir-pension-para-expresidentes-es-un-zangano-y-un-mantenido\/\" data-type=\"URL\" data-id=\"https:\/\/www.infobae.com\/mexico\/2023\/08\/07\/adan-augusto-lopez-explota-contra-vicente-fox-por-pedir-pension-para-expresidentes-es-un-zangano-y-un-mantenido\/\">Infobae<\/a><\/p>\n","protected":false},"excerpt":{"rendered":"<p>Como parte de sus recorridos por distintas entidades del pa\u00eds para promocionar sus aspiraciones presidenciales,\u00a0Ad\u00e1n Augusto L\u00f3pez\u00a0visit\u00f3 el Estado de M\u00e9xico desde donde lanz\u00f3 un mensaje a\u00a0Vicente Fox Quesada\u00a0y su petici\u00f3n a la senadora X\u00f3chitl G\u00e1lvez para que devuelva las\u00a0pensiones para expresidentes. Ad\u00e1n Augusto L\u00f3pez ya se hab\u00eda pronunciado sobre el caso. Hace unas semanas [&hellip;]<\/p>\n","protected":false},"author":35,"featured_media":79773,"comment_status":"open","ping_status":"open","sticky":false,"template":"","format":"standard","meta":{"_monsterinsights_skip_tracking":false,"_monsterinsights_sitenote_active":false,"_monsterinsights_sitenote_note":"","_monsterinsights_sitenote_category":0,"footnotes":""},"categories":[158],"tags":[16465,5459,8902,3325,17365,1503,2130],"class_list":["post-116300","post","type-post","status-publish","format-standard","has-post-thumbnail","hentry","category-politica","tag-adan-augusto-lopez","tag-contra","tag-explota","tag-expresidentes","tag-pedir","tag-pension","tag-vicente-fox","wp-image-borders"],"amp_enabled":true,"_links":{"self":[{"href":"https:\/\/nvnoticias.mx\/index.php\/wp-json\/wp\/v2\/posts\/116300","targetHints":{"allow":["GET"]}}],"collection":[{"href":"https:\/\/nvnoticias.mx\/index.php\/wp-json\/wp\/v2\/posts"}],"about":[{"href":"https:\/\/nvnoticias.mx\/index.php\/wp-json\/wp\/v2\/types\/post"}],"author":[{"embeddable":true,"href":"https:\/\/nvnoticias.mx\/index.php\/wp-json\/wp\/v2\/users\/35"}],"replies":[{"embeddable":true,"href":"https:\/\/nvnoticias.mx\/index.php\/wp-json\/wp\/v2\/comments?post=116300"}],"version-history":[{"count":4,"href":"https:\/\/nvnoticias.mx\/index.php\/wp-json\/wp\/v2\/posts\/116300\/revisions"}],"predecessor-version":[{"id":116304,"href":"https:\/\/nvnoticias.mx\/index.php\/wp-json\/wp\/v2\/posts\/116300\/revisions\/116304"}],"wp:featuredmedia":[{"embeddable":true,"href":"https:\/\/nvnoticias.mx\/index.php\/wp-json\/wp\/v2\/media\/79773"}],"wp:attachment":[{"href":"https:\/\/nvnoticias.mx\/index.php\/wp-json\/wp\/v2\/media?parent=116300"}],"wp:term":[{"taxonomy":"category","embeddable":true,"href":"https:\/\/nvnoticias.mx\/index.php\/wp-json\/wp\/v2\/categories?post=116300"},{"taxonomy":"post_tag","embeddable":true,"href":"https:\/\/nvnoticias.mx\/index.php\/wp-json\/wp\/v2\/tags?post=116300"}],"curies":[{"name":"wp","href":"https:\/\/api.w.org\/{rel}","templated":true}]}}