{"id":116229,"date":"2023-08-06T13:12:20","date_gmt":"2023-08-06T18:12:20","guid":{"rendered":"https:\/\/nvnoticias.mx\/?p=116229"},"modified":"2023-08-06T13:12:22","modified_gmt":"2023-08-06T18:12:22","slug":"gana-alejandra-valencia-medalla-historica-en-mundial-de-tiro-con-arco","status":"publish","type":"post","link":"https:\/\/nvnoticias.mx\/index.php\/2023\/08\/06\/gana-alejandra-valencia-medalla-historica-en-mundial-de-tiro-con-arco\/","title":{"rendered":"Gana Alejandra Valencia medalla hist\u00f3rica en Mundial de Tiro con Arco"},"content":{"rendered":"\n<p>La Delegaci\u00f3n Mexicana sigue haciendo historia en el Mundial de Tiro con Arco, este domingo 6 de agosto, la medallista ol\u00edmpica mexicana, Alejandra Valencia, ha demostrado porque es una de las mejores arqueras del mundo al llevarse la plata en la modalidad de arco recurvo.<\/p>\n\n\n\n<p>La arquera, de 28 a\u00f1os, hizo historia para M\u00e9xico al conseguir la primera medalla en la modalidad de arco recurvo en un mundial, al quedarse cerca de la victoria ante la checa Marie Horachova por marcador de 6 a 0.<\/p>\n\n\n\n<p>Cabe destacar que en dicha competencia, Valencia hab\u00eda hecho historia junto a sus compa\u00f1eras mexicanas Aida Rom\u00e1n y \u00c1ngela Ruiz, que colgaron el bronce por equipos de tiro con arco modalidad arco recurvo.<\/p>\n\n\n\n<blockquote class=\"wp-block-quote is-layout-flow wp-block-quote-is-layout-flow\"><p>\u201cMe siento muy bien, la verdad me siento bien y feliz\u201d, dijo. \u201cNo sab\u00eda que esto era algo que nunca se\u00a0hab\u00eda hecho antes y eso me hace a\u00fan m\u00e1s feliz\u201d, coment\u00f3.<\/p><\/blockquote>\n\n\n\n<blockquote class=\"wp-block-quote is-layout-flow wp-block-quote-is-layout-flow\"><p>\u201cM\u00e1s que nada me concentr\u00e9, lo intent\u00e9 y creo que logr\u00e9 mantener mi t\u00e9cnica a\u00a0lo largo de las flechas y lo que ten\u00eda que hacer, y no se trataba tanto de contra qui\u00e9n estaba, sino de hacerlo bien, independientemente de quien era\u201d, agreg\u00f3 la tiradora.<\/p><\/blockquote>\n\n\n\n<p>A pesar de lograr la victoria,\u00a0Ale Valencia dijo estar ansiosa por la gran competencia del siguiente a\u00f1o en los Juegos Ol\u00edmpicos de Par\u00eds 2024,\u00a0donde buscar\u00e1 darle un oro a M\u00e9xico.<\/p>\n\n\n\n<p>La medalla de plata conseguida por\u00a0Valencia en este Mundial de Tiro con Arco,\u00a0signific\u00f3 la tercera en el certamen, luego que de la primera fue plateada por la tercia mexicana conformada por\u00a0Dafne Quintero, Andrea Becerra y Ana Sof\u00eda Hern\u00e1ndez Jeon\u00a0que cayeron ante su similar de la India.<\/p>\n\n\n\n<figure class=\"wp-block-embed is-type-rich is-provider-twitter wp-block-embed-twitter\"><div class=\"wp-block-embed__wrapper\">\n<blockquote class=\"twitter-tweet\" data-width=\"550\" data-dnt=\"true\"><p lang=\"es\" dir=\"ltr\">Alejandra Valencia consigue hist\u00f3rica medalla de plata????en arco recurvo en el Campeonato Mundial de Tiro con Arco en Berl\u00edn, Alemania, y representa su primera presea individual en un escenario de este nivel.<br><br>1.Marie Horackova   ????????<br>2.Alejandra Valencia ????????<br>3.Noda Satsuki ???????? <a href=\"https:\/\/t.co\/Cg6Pue1ibH\">pic.twitter.com\/Cg6Pue1ibH<\/a><\/p>&mdash; Comit\u00e9 Ol\u00edmpico Mexicano (@COM_Mexico) <a href=\"https:\/\/twitter.com\/COM_Mexico\/status\/1688210378348531712?ref_src=twsrc%5Etfw\">August 6, 2023<\/a><\/blockquote><script async src=\"https:\/\/platform.twitter.com\/widgets.js\" charset=\"utf-8\"><\/script>\n<\/div><\/figure>\n\n\n\n<p>Despu\u00e9s del gran<strong>\u00a0Mundial de Tiro con Arco,\u00a0<\/strong>la siguiente competencia de\u00a0<strong>Alejandra Valencia ser\u00e1 la cuarta fecha de la Copa del Mundo que se realizar\u00e1 del 15 al 20 de agosto en Par\u00eds, Francia.<\/strong><\/p>\n\n\n\n<blockquote class=\"wp-block-quote is-layout-flow wp-block-quote-is-layout-flow\"><p>\u201cLa seleccionada nacional, Alejandra Valencia (@micozito), logra presea de plata en recurvo individual\u00a0dentro del Campeonato Mundial de Tiro con Arco Berl\u00edn 2023;\u00a0es la primera medalla para M\u00e9xico, en esta categor\u00eda en la m\u00e1xima justa\u201d, coment\u00f3 la Conade en X.<\/p><\/blockquote>\n\n\n\n<p>Fuente: <a href=\"https:\/\/www.infobae.com\/mexico\/2023\/08\/06\/alejandra-valencia-le-da-a-mexico-medalla-historica-en-mundial-de-tiro-con-arco\/\">Infobae<\/a><\/p>\n","protected":false},"excerpt":{"rendered":"<p>La Delegaci\u00f3n Mexicana sigue haciendo historia en el Mundial de Tiro con Arco, este domingo 6 de agosto, la medallista ol\u00edmpica mexicana, Alejandra Valencia, ha demostrado porque es una de las mejores arqueras del mundo al llevarse la plata en la modalidad de arco recurvo. La arquera, de 28 a\u00f1os, hizo historia para M\u00e9xico al [&hellip;]<\/p>\n","protected":false},"author":6,"featured_media":116230,"comment_status":"open","ping_status":"open","sticky":false,"template":"","format":"standard","meta":{"_monsterinsights_skip_tracking":false,"_monsterinsights_sitenote_active":false,"_monsterinsights_sitenote_note":"","_monsterinsights_sitenote_category":0,"footnotes":""},"categories":[159],"tags":[26702,24746],"class_list":["post-116229","post","type-post","status-publish","format-standard","has-post-thumbnail","hentry","category-deportes","tag-alejandra-valencia","tag-mundial-de-tiro-con-arco","wp-image-borders"],"amp_enabled":true,"_links":{"self":[{"href":"https:\/\/nvnoticias.mx\/index.php\/wp-json\/wp\/v2\/posts\/116229","targetHints":{"allow":["GET"]}}],"collection":[{"href":"https:\/\/nvnoticias.mx\/index.php\/wp-json\/wp\/v2\/posts"}],"about":[{"href":"https:\/\/nvnoticias.mx\/index.php\/wp-json\/wp\/v2\/types\/post"}],"author":[{"embeddable":true,"href":"https:\/\/nvnoticias.mx\/index.php\/wp-json\/wp\/v2\/users\/6"}],"replies":[{"embeddable":true,"href":"https:\/\/nvnoticias.mx\/index.php\/wp-json\/wp\/v2\/comments?post=116229"}],"version-history":[{"count":1,"href":"https:\/\/nvnoticias.mx\/index.php\/wp-json\/wp\/v2\/posts\/116229\/revisions"}],"predecessor-version":[{"id":116231,"href":"https:\/\/nvnoticias.mx\/index.php\/wp-json\/wp\/v2\/posts\/116229\/revisions\/116231"}],"wp:featuredmedia":[{"embeddable":true,"href":"https:\/\/nvnoticias.mx\/index.php\/wp-json\/wp\/v2\/media\/116230"}],"wp:attachment":[{"href":"https:\/\/nvnoticias.mx\/index.php\/wp-json\/wp\/v2\/media?parent=116229"}],"wp:term":[{"taxonomy":"category","embeddable":true,"href":"https:\/\/nvnoticias.mx\/index.php\/wp-json\/wp\/v2\/categories?post=116229"},{"taxonomy":"post_tag","embeddable":true,"href":"https:\/\/nvnoticias.mx\/index.php\/wp-json\/wp\/v2\/tags?post=116229"}],"curies":[{"name":"wp","href":"https:\/\/api.w.org\/{rel}","templated":true}]}}