{"id":116143,"date":"2023-08-05T15:52:48","date_gmt":"2023-08-05T20:52:48","guid":{"rendered":"https:\/\/nvnoticias.mx\/?p=116143"},"modified":"2023-08-05T15:52:50","modified_gmt":"2023-08-05T20:52:50","slug":"sustituye-carlos-andres-montes-tello-a-uriel-carmona-como-fiscal-de-morelos","status":"publish","type":"post","link":"https:\/\/nvnoticias.mx\/index.php\/2023\/08\/05\/sustituye-carlos-andres-montes-tello-a-uriel-carmona-como-fiscal-de-morelos\/","title":{"rendered":"Sustituye Carlos Andr\u00e9s Montes Tello a Uriel Carmona como fiscal de Morelos"},"content":{"rendered":"\n<p>La Fiscal\u00eda de Morelos inform\u00f3 que Carlos Andr\u00e9s Montes Tello ser\u00e1 el nuevo titular del organismo, tras la detenci\u00f3n de Ulises Carmona G\u00e1ndara&nbsp;por los delitos contra la procuraci\u00f3n e impartici\u00f3n de justicia.<\/p>\n\n\n\n<blockquote class=\"wp-block-quote is-layout-flow wp-block-quote-is-layout-flow\"><p>&#8220;Montes Tello, quien se desempe\u00f1a como Fiscal Regional de la Zona Metropolitana, suplir\u00e1 la ausencia temporal\u00a0del doctor Uriel Carmona G\u00e1ndara&#8221;, se\u00f1al\u00f3 mediante un comunicado.<\/p><\/blockquote>\n\n\n\n<p>La fiscal\u00eda estatal hizo oficial la asunci\u00f3n de Montes Tello a la titularidad, aunque por ministerio de ley&nbsp;<strong>el movimiento se realiza autom\u00e1ticamente,<\/strong>&nbsp;como lo establece la Constituci\u00f3n Pol\u00edtica del estado Libre y Soberano del estado de Morelos en su art\u00edculo 79-B; 21 de la Ley Org\u00e1nica de la Instituci\u00f3n, y 133 del Reglamento de la Ley Org\u00e1nica de la Fiscal\u00eda General del Estado de Morelos.<\/p>\n\n\n\n<p>Mediante el comunicado, la Fiscal\u00eda de Morelos hizo \u00e9nfasis en que la ausencia de Carmona G\u00e1ndara es temporal y que no ha renunciado al cargo.<\/p>\n\n\n\n<blockquote class=\"wp-block-quote is-layout-flow wp-block-quote-is-layout-flow\"><p>&#8220;La Fiscal\u00eda General del Estado es una Instituci\u00f3n fuerte, comprometida y con la representatividad social que la Constituci\u00f3n le confiere, y continuar\u00e1 desarrollando acciones para el combate a las conductas delictivas que afectan a las y los morelenses&#8221;.<\/p><\/blockquote>\n\n\n\n<p>Fuente: <a href=\"https:\/\/www.milenio.com\/estados\/carlos-andres-montes-sustituye-uriel-carmona-fiscal-morelos\" data-type=\"URL\" data-id=\"https:\/\/www.milenio.com\/estados\/carlos-andres-montes-sustituye-uriel-carmona-fiscal-morelos\">Milenio<\/a> <\/p>\n","protected":false},"excerpt":{"rendered":"<p>La Fiscal\u00eda de Morelos inform\u00f3 que Carlos Andr\u00e9s Montes Tello ser\u00e1 el nuevo titular del organismo, tras la detenci\u00f3n de Ulises Carmona G\u00e1ndara&nbsp;por los delitos contra la procuraci\u00f3n e impartici\u00f3n de justicia. &#8220;Montes Tello, quien se desempe\u00f1a como Fiscal Regional de la Zona Metropolitana, suplir\u00e1 la ausencia temporal\u00a0del doctor Uriel Carmona G\u00e1ndara&#8221;, se\u00f1al\u00f3 mediante un [&hellip;]<\/p>\n","protected":false},"author":35,"featured_media":3006,"comment_status":"open","ping_status":"open","sticky":false,"template":"","format":"standard","meta":{"_monsterinsights_skip_tracking":false,"_monsterinsights_sitenote_active":false,"_monsterinsights_sitenote_note":"","_monsterinsights_sitenote_category":0,"footnotes":""},"categories":[158],"tags":[26692,22565,26669],"class_list":["post-116143","post","type-post","status-publish","format-standard","has-post-thumbnail","hentry","category-politica","tag-carlos-andres-montes","tag-sustituye","tag-uriel-carmona","wp-image-borders"],"amp_enabled":true,"_links":{"self":[{"href":"https:\/\/nvnoticias.mx\/index.php\/wp-json\/wp\/v2\/posts\/116143","targetHints":{"allow":["GET"]}}],"collection":[{"href":"https:\/\/nvnoticias.mx\/index.php\/wp-json\/wp\/v2\/posts"}],"about":[{"href":"https:\/\/nvnoticias.mx\/index.php\/wp-json\/wp\/v2\/types\/post"}],"author":[{"embeddable":true,"href":"https:\/\/nvnoticias.mx\/index.php\/wp-json\/wp\/v2\/users\/35"}],"replies":[{"embeddable":true,"href":"https:\/\/nvnoticias.mx\/index.php\/wp-json\/wp\/v2\/comments?post=116143"}],"version-history":[{"count":5,"href":"https:\/\/nvnoticias.mx\/index.php\/wp-json\/wp\/v2\/posts\/116143\/revisions"}],"predecessor-version":[{"id":116148,"href":"https:\/\/nvnoticias.mx\/index.php\/wp-json\/wp\/v2\/posts\/116143\/revisions\/116148"}],"wp:featuredmedia":[{"embeddable":true,"href":"https:\/\/nvnoticias.mx\/index.php\/wp-json\/wp\/v2\/media\/3006"}],"wp:attachment":[{"href":"https:\/\/nvnoticias.mx\/index.php\/wp-json\/wp\/v2\/media?parent=116143"}],"wp:term":[{"taxonomy":"category","embeddable":true,"href":"https:\/\/nvnoticias.mx\/index.php\/wp-json\/wp\/v2\/categories?post=116143"},{"taxonomy":"post_tag","embeddable":true,"href":"https:\/\/nvnoticias.mx\/index.php\/wp-json\/wp\/v2\/tags?post=116143"}],"curies":[{"name":"wp","href":"https:\/\/api.w.org\/{rel}","templated":true}]}}