{"id":11610,"date":"2021-04-22T13:57:28","date_gmt":"2021-04-22T18:57:28","guid":{"rendered":"https:\/\/nvnoticias.mx\/?p=11610"},"modified":"2021-04-22T14:00:10","modified_gmt":"2021-04-22T19:00:10","slug":"aa-sigue-trabajando-en-combate-al-alcoholismo-pese-a-pandemia","status":"publish","type":"post","link":"https:\/\/nvnoticias.mx\/index.php\/2021\/04\/22\/aa-sigue-trabajando-en-combate-al-alcoholismo-pese-a-pandemia\/","title":{"rendered":"AA sigue trabajando en combate al alcoholismo pese a pandemia"},"content":{"rendered":"\n<p><strong>Jes\u00fas Utrilla \/ NV Noticias <\/strong><\/p>\n\n\n\n<p>La Central Mexicana de Servicios Generales de Alcoh\u00f3licos An\u00f3nimos llevar\u00e1 a cabo un foro sobre el alcoholismo en El Tejar.<\/p>\n\n\n\n<p>Marcos, integrante de la agrupaci\u00f3n, se\u00f1al\u00f3 que hablar\u00e1n del programa de 36 principios para que las personas lo conozcan y traten el alcoholismo.<\/p>\n\n\n\n<p>El foro se realizar\u00e1 este viernes a las 10 de la ma\u00f1ana en un conocido sal\u00f3n de El Tejar.<\/p>\n\n\n\n<p>Aclar\u00f3 que durante la pandemia la agrupaci\u00f3n no dej\u00f3 de trabajar y sigui\u00f3 prestando servicio a las personas que se acercaron a pedir ayuda para combatir la adicci\u00f3n, siempre cuidando la sana distancia y apegados a los protocolos preventivos del coronavirus.<\/p>\n\n\n\n<p>Incluso llevaron a cabo foros virtuales para acercar el servicio a las personas que estuvieron en confinamiento voluntario.<\/p>\n\n\n\n<p>Y es que las personas mayores dejaron de salir a la calle y en ocasiones son quienes recurren a estos grupos.<\/p>\n\n\n\n<p>Mencion\u00f3 que son 74 grupos en la zona con m\u00e1s de 300 integrantes que obtuvieron un saldo favorable por el coronavirus. Es decir, no reportaron fallecimientos a causa de la enfermedad aunque s\u00ed contagiados.<\/p>\n\n\n\n<p>Tampoco hubo clausura de oficinas de la AA por aglomeraciones o incumplimientos ya que en todos momentos se apegaron a los protocolos dictados por el sector salud.<\/p>\n","protected":false},"excerpt":{"rendered":"<p>Jes\u00fas Utrilla \/ NV Noticias La Central Mexicana de Servicios Generales de Alcoh\u00f3licos An\u00f3nimos llevar\u00e1 a cabo un foro sobre el alcoholismo en El Tejar. Marcos, integrante de la agrupaci\u00f3n, se\u00f1al\u00f3 que hablar\u00e1n del programa de 36 principios para que las personas lo conozcan y traten el alcoholismo. El foro se realizar\u00e1 este viernes a [&hellip;]<\/p>\n","protected":false},"author":6,"featured_media":11611,"comment_status":"open","ping_status":"open","sticky":false,"template":"","format":"standard","meta":{"_monsterinsights_skip_tracking":false,"_monsterinsights_sitenote_active":false,"_monsterinsights_sitenote_note":"","_monsterinsights_sitenote_category":0,"footnotes":""},"categories":[154],"tags":[877,3187,318],"class_list":["post-11610","post","type-post","status-publish","format-standard","has-post-thumbnail","hentry","category-veracruz","tag-aa","tag-alcoholicos-anonimos-2","tag-pandemia","wp-image-borders"],"amp_enabled":true,"_links":{"self":[{"href":"https:\/\/nvnoticias.mx\/index.php\/wp-json\/wp\/v2\/posts\/11610","targetHints":{"allow":["GET"]}}],"collection":[{"href":"https:\/\/nvnoticias.mx\/index.php\/wp-json\/wp\/v2\/posts"}],"about":[{"href":"https:\/\/nvnoticias.mx\/index.php\/wp-json\/wp\/v2\/types\/post"}],"author":[{"embeddable":true,"href":"https:\/\/nvnoticias.mx\/index.php\/wp-json\/wp\/v2\/users\/6"}],"replies":[{"embeddable":true,"href":"https:\/\/nvnoticias.mx\/index.php\/wp-json\/wp\/v2\/comments?post=11610"}],"version-history":[{"count":1,"href":"https:\/\/nvnoticias.mx\/index.php\/wp-json\/wp\/v2\/posts\/11610\/revisions"}],"predecessor-version":[{"id":11612,"href":"https:\/\/nvnoticias.mx\/index.php\/wp-json\/wp\/v2\/posts\/11610\/revisions\/11612"}],"wp:featuredmedia":[{"embeddable":true,"href":"https:\/\/nvnoticias.mx\/index.php\/wp-json\/wp\/v2\/media\/11611"}],"wp:attachment":[{"href":"https:\/\/nvnoticias.mx\/index.php\/wp-json\/wp\/v2\/media?parent=11610"}],"wp:term":[{"taxonomy":"category","embeddable":true,"href":"https:\/\/nvnoticias.mx\/index.php\/wp-json\/wp\/v2\/categories?post=11610"},{"taxonomy":"post_tag","embeddable":true,"href":"https:\/\/nvnoticias.mx\/index.php\/wp-json\/wp\/v2\/tags?post=11610"}],"curies":[{"name":"wp","href":"https:\/\/api.w.org\/{rel}","templated":true}]}}