{"id":116072,"date":"2023-08-05T07:30:00","date_gmt":"2023-08-05T12:30:00","guid":{"rendered":"https:\/\/nvnoticias.mx\/?p=116072"},"modified":"2023-08-05T01:44:24","modified_gmt":"2023-08-05T06:44:24","slug":"propone-tepjf-revocar-reglas-de-fiscalizacion-del-ine-para-aspirantes-presidenciales","status":"publish","type":"post","link":"https:\/\/nvnoticias.mx\/index.php\/2023\/08\/05\/propone-tepjf-revocar-reglas-de-fiscalizacion-del-ine-para-aspirantes-presidenciales\/","title":{"rendered":"Propone TEPJF revocar reglas de fiscalizaci\u00f3n del INE para aspirantes presidenciales"},"content":{"rendered":"\n<p>La Sala Superior del&nbsp;<strong>Tribunal Electoral del Poder Judicial de la Federaci\u00f3n (TEPJF)<\/strong>&nbsp;podr\u00eda revocar el acuerdo 09\/2023 de&nbsp;la Comisi\u00f3n de Fiscalizaci\u00f3n del Instituto Nacional Electoral (INE), que sirvi\u00f3 para la elaboraci\u00f3n de los Lineamientos dictados el 26 de julio para regular las actividades de los aspirantes de Morena y del Frente Amplio por M\u00e9xico.<\/p>\n\n\n\n<p>Un proyecto de resoluci\u00f3n a la impugnaci\u00f3n presentada por Morena y el Partido del Trabajo prev\u00e9 dar la raz\u00f3n a estos partidos pol\u00edticos y \u2018echar abajo\u2019 dicho acuerdo aprobado por la&nbsp;<strong>Comisi\u00f3n de Fiscalizaci\u00f3n del INE<\/strong>&nbsp;el 10 de julio pasado.<\/p>\n\n\n\n<p>El argumento principal de los inconformes es que&nbsp;<strong>l<\/strong><strong>a Comisi\u00f3n de Fiscalizaci\u00f3n<\/strong>&nbsp;carece de competencia para emitir los lineamientos en la materia y que es el Consejo General del INE el que est\u00e1 facultado para emitir lineamientos espec\u00edficos en materia de fiscalizaci\u00f3n, monitoreo, verificaci\u00f3n, contabilidad y registro de operaciones de los partidos pol\u00edticos.<\/p>\n\n\n\n<p>El proyecto del magistrado Felipe de la Mata hecho p\u00fablico este viernes considera fundado el agravio y reconoce que&nbsp;<strong>es el Consejo General del INE la instancia que tiene la competencia para emitir los lineamientos<\/strong>&nbsp;en materia de fiscalizaci\u00f3n de los procedimientos previos al inicio del proceso electoral 2023-2024.<\/p>\n\n\n\n<blockquote class=\"wp-block-quote is-layout-flow wp-block-quote-is-layout-flow\"><p>\u201cLa emisi\u00f3n de los lineamientos contenidos en el acuerdo impugnado es competencia del Consejo General del INE\u201d, concluye.<\/p><\/blockquote>\n\n\n\n<p>El acuerdo 009\/2023 fue aprobado en la Comisi\u00f3n de Fiscalizaci\u00f3n del INE nueve d\u00edas antes de que la Sala Superior del TEPJF ordenara al instituto emitir lineamientos que regularan las actividades de los aspirantes presidenciales de&nbsp;<strong>Morena y el Frente Amplio por M\u00e9xico.<\/strong><\/p>\n\n\n\n<p>El acuerdo incluye reglas para la realizaci\u00f3n de monitoreos o visitas de verificaci\u00f3n con fines de fiscalizaci\u00f3n para identificar la propaganda realizada por sujetos obligados o personas vinculadas, previo al&nbsp;<strong>inicio de las precampa\u00f1as y los periodos de obtenci\u00f3n del apoyo de la ciudadan\u00eda,<\/strong>&nbsp;en los procesos electorales federal y locales concurrentes 2023-2024.<\/p>\n\n\n\n<p>Esas reglas tienen como objeto regular el monitoreo de propaganda en la v\u00eda p\u00fablica e internet, as\u00ed como visitas de verificaci\u00f3n, con la finalidad de establecer par\u00e1metros generales de fiscalizaci\u00f3n.<\/p>\n\n\n\n<p>Sin embargo, a decir del magistrado De la Mata, \u201cla Comisi\u00f3n de Fiscalizaci\u00f3n&nbsp;<strong>excede sus atribuciones&nbsp;<\/strong>porque a quien corresponde la regulaci\u00f3n general en materia de fiscalizaci\u00f3n es al Consejo General del INE, por lo que el agravio en estudio es fundado\u201d.<\/p>\n\n\n\n<p>Adem\u00e1s, consider\u00f3 que&nbsp;<strong>\u201ces incuestionable que la Comisi\u00f3n de Fiscalizaci\u00f3n carece de competencia para emitir los Lineamientos impugnados<\/strong>, porque su finalidad es regular de forma general aspectos inherentes a la fiscalizaci\u00f3n de los procedimientos partidistas previos al inicio del proceso electoral 2023-2024\u201d.<\/p>\n\n\n\n<p>Pese a que propone revocar el acuerdo de la Comisi\u00f3n de Fiscalizaci\u00f3n, el proyecto de sentencia \u201cdeja en libertad de atribuciones al Consejo General del INE para que, de considerarlo necesario, complemente los lineamientos sobre fiscalizaci\u00f3n\u201d.<\/p>\n\n\n\n<p>Fuente: <a href=\"https:\/\/www.milenio.com\/politica\/tepjf-propone-revocar-reglas-de-fiscalizacion-del-ine-para-aspirantes\" data-type=\"URL\" data-id=\"https:\/\/www.milenio.com\/politica\/tepjf-propone-revocar-reglas-de-fiscalizacion-del-ine-para-aspirantes\">Milenio<\/a> <\/p>\n","protected":false},"excerpt":{"rendered":"<p>La Sala Superior del&nbsp;Tribunal Electoral del Poder Judicial de la Federaci\u00f3n (TEPJF)&nbsp;podr\u00eda revocar el acuerdo 09\/2023 de&nbsp;la Comisi\u00f3n de Fiscalizaci\u00f3n del Instituto Nacional Electoral (INE), que sirvi\u00f3 para la elaboraci\u00f3n de los Lineamientos dictados el 26 de julio para regular las actividades de los aspirantes de Morena y del Frente Amplio por M\u00e9xico. Un proyecto [&hellip;]<\/p>\n","protected":false},"author":35,"featured_media":58369,"comment_status":"open","ping_status":"open","sticky":false,"template":"","format":"standard","meta":{"_monsterinsights_skip_tracking":false,"_monsterinsights_sitenote_active":false,"_monsterinsights_sitenote_note":"","_monsterinsights_sitenote_category":0,"footnotes":""},"categories":[158],"tags":[26672,3438,443,162,9596,8604,24513,1791],"class_list":["post-116072","post","type-post","status-publish","format-standard","has-post-thumbnail","hentry","category-politica","tag-aspirantes-presidenciales","tag-fiscalizacion","tag-ine","tag-portada","tag-propone","tag-reglas","tag-revocar","tag-tepjf","wp-image-borders"],"amp_enabled":true,"_links":{"self":[{"href":"https:\/\/nvnoticias.mx\/index.php\/wp-json\/wp\/v2\/posts\/116072","targetHints":{"allow":["GET"]}}],"collection":[{"href":"https:\/\/nvnoticias.mx\/index.php\/wp-json\/wp\/v2\/posts"}],"about":[{"href":"https:\/\/nvnoticias.mx\/index.php\/wp-json\/wp\/v2\/types\/post"}],"author":[{"embeddable":true,"href":"https:\/\/nvnoticias.mx\/index.php\/wp-json\/wp\/v2\/users\/35"}],"replies":[{"embeddable":true,"href":"https:\/\/nvnoticias.mx\/index.php\/wp-json\/wp\/v2\/comments?post=116072"}],"version-history":[{"count":3,"href":"https:\/\/nvnoticias.mx\/index.php\/wp-json\/wp\/v2\/posts\/116072\/revisions"}],"predecessor-version":[{"id":116075,"href":"https:\/\/nvnoticias.mx\/index.php\/wp-json\/wp\/v2\/posts\/116072\/revisions\/116075"}],"wp:featuredmedia":[{"embeddable":true,"href":"https:\/\/nvnoticias.mx\/index.php\/wp-json\/wp\/v2\/media\/58369"}],"wp:attachment":[{"href":"https:\/\/nvnoticias.mx\/index.php\/wp-json\/wp\/v2\/media?parent=116072"}],"wp:term":[{"taxonomy":"category","embeddable":true,"href":"https:\/\/nvnoticias.mx\/index.php\/wp-json\/wp\/v2\/categories?post=116072"},{"taxonomy":"post_tag","embeddable":true,"href":"https:\/\/nvnoticias.mx\/index.php\/wp-json\/wp\/v2\/tags?post=116072"}],"curies":[{"name":"wp","href":"https:\/\/api.w.org\/{rel}","templated":true}]}}