{"id":11607,"date":"2021-04-22T13:44:52","date_gmt":"2021-04-22T18:44:52","guid":{"rendered":"https:\/\/nvnoticias.mx\/?p=11607"},"modified":"2021-04-22T13:44:53","modified_gmt":"2021-04-22T18:44:53","slug":"falta-difundir-la-cultura-de-la-valuacion-de-bienes-y-maquinaria","status":"publish","type":"post","link":"https:\/\/nvnoticias.mx\/index.php\/2021\/04\/22\/falta-difundir-la-cultura-de-la-valuacion-de-bienes-y-maquinaria\/","title":{"rendered":"Falta difundir la cultura de la valuaci\u00f3n de bienes y maquinaria"},"content":{"rendered":"\n<p><strong>Jes\u00fas Utrilla \/ NV Noticias <\/strong><\/p>\n\n\n\n<p>Hace falta promover entre la ciudadan\u00eda la valuaci\u00f3n de bienes e inmuebles, consider\u00f3<br>Gustavo Reyes Aguilar,\u00a0 presidente de la Federaci\u00f3n de Colegio de Evaluadores.<\/p>\n\n\n\n<p>Exhort\u00f3\u00a0 a la ciudadana recurrir a un profesional pues hace falta que se difunda la cultura de la valuaci\u00f3n.<\/p>\n\n\n\n<p>Admiti\u00f3 que son escasos los casos en d\u00f3nde se identifican irregularidades al momento de realizar una evaluaci\u00f3n de bienes e inmuebles, pero\u00a0 el trabajo de los afiliados al colegio no se limita a evaluar terrenos, sino de maquinaria, negocios comerciales en funciones, entre otros.<\/p>\n\n\n\n<p>Los casos de usurpacion de funciones no son altos, se\u00f1al\u00f3.<\/p>\n\n\n\n<blockquote class=\"wp-block-quote is-layout-flow wp-block-quote-is-layout-flow\"><p><em>\u201cRealmente es una situaci\u00f3n que sea recurrente por parte de los valuadores ya que se limita a dar fe de los documentos,\u00a0 si es com\u00fan que se den\u00a0 en personas que realizan\u00a0 los tr\u00e1mites hipotecarios\u201d.<\/em><\/p><\/blockquote>\n\n\n\n<p>Record\u00f3 que los valuadores\u00a0 deben estar reconocidos por los colegios y contar con c\u00e9dula de la Secretar\u00eda de Educaci\u00f3n P\u00fablica.<\/p>\n","protected":false},"excerpt":{"rendered":"<p>Jes\u00fas Utrilla \/ NV Noticias Hace falta promover entre la ciudadan\u00eda la valuaci\u00f3n de bienes e inmuebles, consider\u00f3Gustavo Reyes Aguilar,\u00a0 presidente de la Federaci\u00f3n de Colegio de Evaluadores. Exhort\u00f3\u00a0 a la ciudadana recurrir a un profesional pues hace falta que se difunda la cultura de la valuaci\u00f3n. Admiti\u00f3 que son escasos los casos en d\u00f3nde [&hellip;]<\/p>\n","protected":false},"author":6,"featured_media":11608,"comment_status":"open","ping_status":"open","sticky":false,"template":"","format":"standard","meta":{"_monsterinsights_skip_tracking":false,"_monsterinsights_sitenote_active":false,"_monsterinsights_sitenote_note":"","_monsterinsights_sitenote_category":0,"footnotes":""},"categories":[154],"tags":[3185,342,3186,3184],"class_list":["post-11607","post","type-post","status-publish","format-standard","has-post-thumbnail","hentry","category-veracruz","tag-bienes","tag-cultura","tag-maquinaria","tag-valuacion","wp-image-borders"],"amp_enabled":true,"_links":{"self":[{"href":"https:\/\/nvnoticias.mx\/index.php\/wp-json\/wp\/v2\/posts\/11607","targetHints":{"allow":["GET"]}}],"collection":[{"href":"https:\/\/nvnoticias.mx\/index.php\/wp-json\/wp\/v2\/posts"}],"about":[{"href":"https:\/\/nvnoticias.mx\/index.php\/wp-json\/wp\/v2\/types\/post"}],"author":[{"embeddable":true,"href":"https:\/\/nvnoticias.mx\/index.php\/wp-json\/wp\/v2\/users\/6"}],"replies":[{"embeddable":true,"href":"https:\/\/nvnoticias.mx\/index.php\/wp-json\/wp\/v2\/comments?post=11607"}],"version-history":[{"count":1,"href":"https:\/\/nvnoticias.mx\/index.php\/wp-json\/wp\/v2\/posts\/11607\/revisions"}],"predecessor-version":[{"id":11609,"href":"https:\/\/nvnoticias.mx\/index.php\/wp-json\/wp\/v2\/posts\/11607\/revisions\/11609"}],"wp:featuredmedia":[{"embeddable":true,"href":"https:\/\/nvnoticias.mx\/index.php\/wp-json\/wp\/v2\/media\/11608"}],"wp:attachment":[{"href":"https:\/\/nvnoticias.mx\/index.php\/wp-json\/wp\/v2\/media?parent=11607"}],"wp:term":[{"taxonomy":"category","embeddable":true,"href":"https:\/\/nvnoticias.mx\/index.php\/wp-json\/wp\/v2\/categories?post=11607"},{"taxonomy":"post_tag","embeddable":true,"href":"https:\/\/nvnoticias.mx\/index.php\/wp-json\/wp\/v2\/tags?post=11607"}],"curies":[{"name":"wp","href":"https:\/\/api.w.org\/{rel}","templated":true}]}}